{"id":8469,"date":"2026-09-03T18:26:32","date_gmt":"2026-09-03T16:26:32","guid":{"rendered":"https:\/\/www.efie-erlangen.de\/WP\/?p=8469"},"modified":"2026-09-03T18:26:33","modified_gmt":"2026-09-03T16:26:33","slug":"unterstuetzung-gesucht","status":"publish","type":"post","link":"https:\/\/www.efie-erlangen.de\/WP\/2026\/09\/unterstuetzung-gesucht\/","title":{"rendered":"Unterst\u00fctzung gesucht"},"content":{"rendered":"\n<p class=\"wp-block-paragraph\">F\u00fcr einen alleinerziehenden Vater suchen wir jemanden, der dem Mann hilft, offizielle Briefe zu verstehen, seine Ratenzahlungsvertr\u00e4ge zuverl\u00e4ssig zu bedienen und Dokumente sortiert in Ordner abzuheften.<br>Der Vater wohnt im Angergebiet und w\u00fcrde sich \u00fcber Hilfe sehr freuen.<br>Den ersten Kontakt kann ich gerne herstellen.<br>Viele Gr\u00fc\u00dfe Moni<\/p>\n","protected":false},"excerpt":{"rendered":"<p>F\u00fcr einen alleinerziehenden Vater suchen wir jemanden, der dem Mann hilft, offizielle Briefe zu verstehen, seine Ratenzahlungsvertr\u00e4ge zuverl\u00e4ssig zu bedienen und Dokumente sortiert in Ordner abzuheften.Der Vater wohnt im Angergebiet und w\u00fcrde sich \u00fcber Hilfe&hellip;<\/p>\n","protected":false},"author":11,"featured_media":0,"comment_status":"closed","ping_status":"closed","sticky":false,"template":"","format":"standard","meta":{"footnotes":"","_members_access_role":[],"_members_access_error":""},"categories":[58],"tags":[],"coauthors":[47],"class_list":["post-8469","post","type-post","status-publish","format-standard","hentry","category-gesuche-und-gebote"],"yoast_head":"<!-- This site is optimized with the Yoast SEO plugin v27.4 - https:\/\/yoast.com\/product\/yoast-seo-wordpress\/ -->\n<title>Unterst\u00fctzung gesucht - EFIE<\/title>\n<meta name=\"robots\" content=\"noindex, follow\" \/>\n<meta property=\"og:locale\" content=\"de_DE\" \/>\n<meta property=\"og:type\" content=\"article\" \/>\n<meta property=\"og:title\" content=\"Unterst\u00fctzung gesucht - EFIE\" \/>\n<meta property=\"og:description\" content=\"F\u00fcr einen alleinerziehenden Vater suchen wir jemanden, der dem Mann hilft, offizielle Briefe zu verstehen, seine Ratenzahlungsvertr\u00e4ge zuverl\u00e4ssig zu bedienen und Dokumente sortiert in Ordner abzuheften.Der Vater wohnt im Angergebiet und w\u00fcrde sich \u00fcber Hilfe&hellip;\" \/>\n<meta property=\"og:url\" content=\"https:\/\/www.efie-erlangen.de\/WP\/2026\/09\/unterstuetzung-gesucht\/\" \/>\n<meta property=\"og:site_name\" content=\"EFIE\" \/>\n<meta property=\"article:published_time\" content=\"2026-09-03T16:26:32+00:00\" \/>\n<meta property=\"article:modified_time\" content=\"2026-09-03T16:26:33+00:00\" \/>\n<meta name=\"author\" content=\"Patricia\" \/>\n<meta name=\"twitter:card\" content=\"summary_large_image\" \/>\n<meta name=\"twitter:label1\" content=\"Verfasst von\" \/>\n\t<meta name=\"twitter:data1\" content=\"Patricia\" \/>\n\t<meta name=\"twitter:label2\" content=\"Gesch\u00e4tzte Lesezeit\" \/>\n\t<meta name=\"twitter:data2\" content=\"1\u00a0Minute\" \/>\n\t<meta name=\"twitter:label3\" content=\"Written by\" \/>\n\t<meta name=\"twitter:data3\" content=\"Patricia\" \/>\n<script type=\"application\/ld+json\" class=\"yoast-schema-graph\">{\"@context\":\"https:\\\/\\\/schema.org\",\"@graph\":[{\"@type\":\"Article\",\"@id\":\"https:\\\/\\\/www.efie-erlangen.de\\\/WP\\\/2026\\\/09\\\/unterstuetzung-gesucht\\\/#article\",\"isPartOf\":{\"@id\":\"https:\\\/\\\/www.efie-erlangen.de\\\/WP\\\/2026\\\/09\\\/unterstuetzung-gesucht\\\/\"},\"author\":{\"name\":\"Patricia\",\"@id\":\"https:\\\/\\\/www.efie-erlangen.de\\\/WP\\\/#\\\/schema\\\/person\\\/5a3182324d2b452b2d545dd988593236\"},\"headline\":\"Unterst\u00fctzung gesucht\",\"datePublished\":\"2026-09-03T16:26:32+00:00\",\"dateModified\":\"2026-09-03T16:26:33+00:00\",\"mainEntityOfPage\":{\"@id\":\"https:\\\/\\\/www.efie-erlangen.de\\\/WP\\\/2026\\\/09\\\/unterstuetzung-gesucht\\\/\"},\"wordCount\":56,\"articleSection\":[\"Gesuche und Gebote\"],\"inLanguage\":\"de\"},{\"@type\":\"WebPage\",\"@id\":\"https:\\\/\\\/www.efie-erlangen.de\\\/WP\\\/2026\\\/09\\\/unterstuetzung-gesucht\\\/\",\"url\":\"https:\\\/\\\/www.efie-erlangen.de\\\/WP\\\/2026\\\/09\\\/unterstuetzung-gesucht\\\/\",\"name\":\"Unterst\u00fctzung gesucht - EFIE\",\"isPartOf\":{\"@id\":\"https:\\\/\\\/www.efie-erlangen.de\\\/WP\\\/#website\"},\"datePublished\":\"2026-09-03T16:26:32+00:00\",\"dateModified\":\"2026-09-03T16:26:33+00:00\",\"author\":{\"@id\":\"https:\\\/\\\/www.efie-erlangen.de\\\/WP\\\/#\\\/schema\\\/person\\\/5a3182324d2b452b2d545dd988593236\"},\"breadcrumb\":{\"@id\":\"https:\\\/\\\/www.efie-erlangen.de\\\/WP\\\/2026\\\/09\\\/unterstuetzung-gesucht\\\/#breadcrumb\"},\"inLanguage\":\"de\",\"potentialAction\":[{\"@type\":\"ReadAction\",\"target\":[\"https:\\\/\\\/www.efie-erlangen.de\\\/WP\\\/2026\\\/09\\\/unterstuetzung-gesucht\\\/\"]}]},{\"@type\":\"BreadcrumbList\",\"@id\":\"https:\\\/\\\/www.efie-erlangen.de\\\/WP\\\/2026\\\/09\\\/unterstuetzung-gesucht\\\/#breadcrumb\",\"itemListElement\":[{\"@type\":\"ListItem\",\"position\":1,\"name\":\"Startseite\",\"item\":\"https:\\\/\\\/www.efie-erlangen.de\\\/WP\\\/\"},{\"@type\":\"ListItem\",\"position\":2,\"name\":\"Unterst\u00fctzung gesucht\"}]},{\"@type\":\"WebSite\",\"@id\":\"https:\\\/\\\/www.efie-erlangen.de\\\/WP\\\/#website\",\"url\":\"https:\\\/\\\/www.efie-erlangen.de\\\/WP\\\/\",\"name\":\"EFIE\",\"description\":\"Ehrenamtliche Fl\u00fcchtlingsbetreuung in Erlangen EFIE e.V.\",\"potentialAction\":[{\"@type\":\"SearchAction\",\"target\":{\"@type\":\"EntryPoint\",\"urlTemplate\":\"https:\\\/\\\/www.efie-erlangen.de\\\/WP\\\/?s={search_term_string}\"},\"query-input\":{\"@type\":\"PropertyValueSpecification\",\"valueRequired\":true,\"valueName\":\"search_term_string\"}}],\"inLanguage\":\"de\"},{\"@type\":\"Person\",\"@id\":\"https:\\\/\\\/www.efie-erlangen.de\\\/WP\\\/#\\\/schema\\\/person\\\/5a3182324d2b452b2d545dd988593236\",\"name\":\"Patricia\",\"image\":{\"@type\":\"ImageObject\",\"inLanguage\":\"de\",\"@id\":\"https:\\\/\\\/secure.gravatar.com\\\/avatar\\\/90999cc1d40e933901198df6851b874d9f1d8d9f332098ec3544f12e89f1a2cd?s=96&d=mm&r=g5f0208846d34d1822766b40dcd86ddfc\",\"url\":\"https:\\\/\\\/secure.gravatar.com\\\/avatar\\\/90999cc1d40e933901198df6851b874d9f1d8d9f332098ec3544f12e89f1a2cd?s=96&d=mm&r=g\",\"contentUrl\":\"https:\\\/\\\/secure.gravatar.com\\\/avatar\\\/90999cc1d40e933901198df6851b874d9f1d8d9f332098ec3544f12e89f1a2cd?s=96&d=mm&r=g\",\"caption\":\"Patricia\"}}]}<\/script>\n<!-- \/ Yoast SEO plugin. -->","yoast_head_json":{"title":"Unterst\u00fctzung gesucht - EFIE","robots":{"index":"noindex","follow":"follow"},"og_locale":"de_DE","og_type":"article","og_title":"Unterst\u00fctzung gesucht - EFIE","og_description":"F\u00fcr einen alleinerziehenden Vater suchen wir jemanden, der dem Mann hilft, offizielle Briefe zu verstehen, seine Ratenzahlungsvertr\u00e4ge zuverl\u00e4ssig zu bedienen und Dokumente sortiert in Ordner abzuheften.Der Vater wohnt im Angergebiet und w\u00fcrde sich \u00fcber Hilfe&hellip;","og_url":"https:\/\/www.efie-erlangen.de\/WP\/2026\/09\/unterstuetzung-gesucht\/","og_site_name":"EFIE","article_published_time":"2026-09-03T16:26:32+00:00","article_modified_time":"2026-09-03T16:26:33+00:00","author":"Patricia","twitter_card":"summary_large_image","twitter_misc":{"Verfasst von":"Patricia","Gesch\u00e4tzte Lesezeit":"1\u00a0Minute","Written by":"Patricia"},"schema":{"@context":"https:\/\/schema.org","@graph":[{"@type":"Article","@id":"https:\/\/www.efie-erlangen.de\/WP\/2026\/09\/unterstuetzung-gesucht\/#article","isPartOf":{"@id":"https:\/\/www.efie-erlangen.de\/WP\/2026\/09\/unterstuetzung-gesucht\/"},"author":{"name":"Patricia","@id":"https:\/\/www.efie-erlangen.de\/WP\/#\/schema\/person\/5a3182324d2b452b2d545dd988593236"},"headline":"Unterst\u00fctzung gesucht","datePublished":"2026-09-03T16:26:32+00:00","dateModified":"2026-09-03T16:26:33+00:00","mainEntityOfPage":{"@id":"https:\/\/www.efie-erlangen.de\/WP\/2026\/09\/unterstuetzung-gesucht\/"},"wordCount":56,"articleSection":["Gesuche und Gebote"],"inLanguage":"de"},{"@type":"WebPage","@id":"https:\/\/www.efie-erlangen.de\/WP\/2026\/09\/unterstuetzung-gesucht\/","url":"https:\/\/www.efie-erlangen.de\/WP\/2026\/09\/unterstuetzung-gesucht\/","name":"Unterst\u00fctzung gesucht - EFIE","isPartOf":{"@id":"https:\/\/www.efie-erlangen.de\/WP\/#website"},"datePublished":"2026-09-03T16:26:32+00:00","dateModified":"2026-09-03T16:26:33+00:00","author":{"@id":"https:\/\/www.efie-erlangen.de\/WP\/#\/schema\/person\/5a3182324d2b452b2d545dd988593236"},"breadcrumb":{"@id":"https:\/\/www.efie-erlangen.de\/WP\/2026\/09\/unterstuetzung-gesucht\/#breadcrumb"},"inLanguage":"de","potentialAction":[{"@type":"ReadAction","target":["https:\/\/www.efie-erlangen.de\/WP\/2026\/09\/unterstuetzung-gesucht\/"]}]},{"@type":"BreadcrumbList","@id":"https:\/\/www.efie-erlangen.de\/WP\/2026\/09\/unterstuetzung-gesucht\/#breadcrumb","itemListElement":[{"@type":"ListItem","position":1,"name":"Startseite","item":"https:\/\/www.efie-erlangen.de\/WP\/"},{"@type":"ListItem","position":2,"name":"Unterst\u00fctzung gesucht"}]},{"@type":"WebSite","@id":"https:\/\/www.efie-erlangen.de\/WP\/#website","url":"https:\/\/www.efie-erlangen.de\/WP\/","name":"EFIE","description":"Ehrenamtliche Fl\u00fcchtlingsbetreuung in Erlangen EFIE e.V.","potentialAction":[{"@type":"SearchAction","target":{"@type":"EntryPoint","urlTemplate":"https:\/\/www.efie-erlangen.de\/WP\/?s={search_term_string}"},"query-input":{"@type":"PropertyValueSpecification","valueRequired":true,"valueName":"search_term_string"}}],"inLanguage":"de"},{"@type":"Person","@id":"https:\/\/www.efie-erlangen.de\/WP\/#\/schema\/person\/5a3182324d2b452b2d545dd988593236","name":"Patricia","image":{"@type":"ImageObject","inLanguage":"de","@id":"https:\/\/secure.gravatar.com\/avatar\/90999cc1d40e933901198df6851b874d9f1d8d9f332098ec3544f12e89f1a2cd?s=96&d=mm&r=g5f0208846d34d1822766b40dcd86ddfc","url":"https:\/\/secure.gravatar.com\/avatar\/90999cc1d40e933901198df6851b874d9f1d8d9f332098ec3544f12e89f1a2cd?s=96&d=mm&r=g","contentUrl":"https:\/\/secure.gravatar.com\/avatar\/90999cc1d40e933901198df6851b874d9f1d8d9f332098ec3544f12e89f1a2cd?s=96&d=mm&r=g","caption":"Patricia"}}]}},"_links":{"self":[{"href":"https:\/\/www.efie-erlangen.de\/WP\/wp-json\/wp\/v2\/posts\/8469","targetHints":{"allow":["GET"]}}],"collection":[{"href":"https:\/\/www.efie-erlangen.de\/WP\/wp-json\/wp\/v2\/posts"}],"about":[{"href":"https:\/\/www.efie-erlangen.de\/WP\/wp-json\/wp\/v2\/types\/post"}],"author":[{"embeddable":true,"href":"https:\/\/www.efie-erlangen.de\/WP\/wp-json\/wp\/v2\/users\/11"}],"replies":[{"embeddable":true,"href":"https:\/\/www.efie-erlangen.de\/WP\/wp-json\/wp\/v2\/comments?post=8469"}],"version-history":[{"count":1,"href":"https:\/\/www.efie-erlangen.de\/WP\/wp-json\/wp\/v2\/posts\/8469\/revisions"}],"predecessor-version":[{"id":8470,"href":"https:\/\/www.efie-erlangen.de\/WP\/wp-json\/wp\/v2\/posts\/8469\/revisions\/8470"}],"wp:attachment":[{"href":"https:\/\/www.efie-erlangen.de\/WP\/wp-json\/wp\/v2\/media?parent=8469"}],"wp:term":[{"taxonomy":"category","embeddable":true,"href":"https:\/\/www.efie-erlangen.de\/WP\/wp-json\/wp\/v2\/categories?post=8469"},{"taxonomy":"post_tag","embeddable":true,"href":"https:\/\/www.efie-erlangen.de\/WP\/wp-json\/wp\/v2\/tags?post=8469"},{"taxonomy":"author","embeddable":true,"href":"https:\/\/www.efie-erlangen.de\/WP\/wp-json\/wp\/v2\/coauthors?post=8469"}],"curies":[{"name":"wp","href":"https:\/\/api.w.org\/{rel}","templated":true}]}}