{"id":8466,"date":"2026-09-03T18:25:58","date_gmt":"2026-09-03T16:25:58","guid":{"rendered":"https:\/\/www.efie-erlangen.de\/WP\/?p=8466"},"modified":"2026-09-03T18:26:00","modified_gmt":"2026-09-03T16:26:00","slug":"weltkindertag-mit-picknick-am-18-september","status":"publish","type":"post","link":"https:\/\/www.efie-erlangen.de\/WP\/2026\/09\/weltkindertag-mit-picknick-am-18-september\/","title":{"rendered":"Weltkindertag mit Picknick am 18. September"},"content":{"rendered":"\n<p class=\"wp-block-paragraph\">Weltkindertag mit Picknick am 18. September von 15:30 \u2013 17:30 Uhr auf der Wiese beim Spielplatz an der Saalestra\u00dfe<br><\/p>\n\n\n\n<figure class=\"wp-block-image size-large\"><img loading=\"lazy\" decoding=\"async\" width=\"768\" height=\"1024\" src=\"https:\/\/www.efie-erlangen.de\/WP\/wp-content\/uploads\/2026\/09\/Weltkindertag-Werbung-neu-768x1024.png\" alt=\"\" class=\"wp-image-8467\" srcset=\"https:\/\/www.efie-erlangen.de\/WP\/wp-content\/uploads\/2026\/09\/Weltkindertag-Werbung-neu-768x1024.png 768w, https:\/\/www.efie-erlangen.de\/WP\/wp-content\/uploads\/2026\/09\/Weltkindertag-Werbung-neu-225x300.png 225w, https:\/\/www.efie-erlangen.de\/WP\/wp-content\/uploads\/2026\/09\/Weltkindertag-Werbung-neu-1152x1536.png 1152w, https:\/\/www.efie-erlangen.de\/WP\/wp-content\/uploads\/2026\/09\/Weltkindertag-Werbung-neu-1536x2048.png 1536w, https:\/\/www.efie-erlangen.de\/WP\/wp-content\/uploads\/2026\/09\/Weltkindertag-Werbung-neu-1360x1813.png 1360w, https:\/\/www.efie-erlangen.de\/WP\/wp-content\/uploads\/2026\/09\/Weltkindertag-Werbung-neu-1320x1760.png 1320w, https:\/\/www.efie-erlangen.de\/WP\/wp-content\/uploads\/2026\/09\/Weltkindertag-Werbung-neu-scaled.png 1920w\" sizes=\"auto, (max-width: 768px) 100vw, 768px\" \/><\/figure>\n\n\n\n<p class=\"wp-block-paragraph\"><br>Clownin &#8222;Francesca Mimosa Furiosa&#8220; freut sich auf viele Kinder zu einem vergn\u00fcglichen Nachmittag mit Spielen auf der Wiese.<br>Packt den Picknickkorb und eine Decke ein und genie\u00dft einen bewegten Nachmittag auf der Wiese &#8211; kommt vorbei! F\u00fcr Kinder gibt es zus\u00e4tzlich noch eine &#8222;Wrap-Station&#8220;, an der Wraps nach eigenem Geschmack gerollt werden.<\/p>\n\n\n\n<p class=\"wp-block-paragraph\">Das Team der Stadtteilzentren ISAR 12 und Villa mit Familienst\u00fctzpunkt Anger und Elia Gemeinde laden hierzu ein.<\/p>\n","protected":false},"excerpt":{"rendered":"<p>Weltkindertag mit Picknick am 18. September von 15:30 \u2013 17:30 Uhr auf der Wiese beim Spielplatz an der Saalestra\u00dfe Clownin &#8222;Francesca Mimosa Furiosa&#8220; freut sich auf viele Kinder zu einem vergn\u00fcglichen Nachmittag mit Spielen auf&hellip;<\/p>\n","protected":false},"author":11,"featured_media":0,"comment_status":"closed","ping_status":"closed","sticky":false,"template":"","format":"standard","meta":{"footnotes":"","_members_access_role":[],"_members_access_error":""},"categories":[60],"tags":[],"coauthors":[47],"class_list":["post-8466","post","type-post","status-publish","format-standard","hentry","category-workshops-kurse-und-veranstaltungen"],"yoast_head":"<!-- This site is optimized with the Yoast SEO plugin v27.4 - https:\/\/yoast.com\/product\/yoast-seo-wordpress\/ -->\n<title>Weltkindertag mit Picknick am 18. September - EFIE<\/title>\n<meta name=\"robots\" content=\"noindex, follow\" \/>\n<meta property=\"og:locale\" content=\"de_DE\" \/>\n<meta property=\"og:type\" content=\"article\" \/>\n<meta property=\"og:title\" content=\"Weltkindertag mit Picknick am 18. September - EFIE\" \/>\n<meta property=\"og:description\" content=\"Weltkindertag mit Picknick am 18. September von 15:30 \u2013 17:30 Uhr auf der Wiese beim Spielplatz an der Saalestra\u00dfe Clownin &#8222;Francesca Mimosa Furiosa&#8220; freut sich auf viele Kinder zu einem vergn\u00fcglichen Nachmittag mit Spielen auf&hellip;\" \/>\n<meta property=\"og:url\" content=\"https:\/\/www.efie-erlangen.de\/WP\/2026\/09\/weltkindertag-mit-picknick-am-18-september\/\" \/>\n<meta property=\"og:site_name\" content=\"EFIE\" \/>\n<meta property=\"article:published_time\" content=\"2026-09-03T16:25:58+00:00\" \/>\n<meta property=\"article:modified_time\" content=\"2026-09-03T16:26:00+00:00\" \/>\n<meta property=\"og:image\" content=\"https:\/\/www.efie-erlangen.de\/WP\/wp-content\/uploads\/2026\/09\/Weltkindertag-Werbung-neu-scaled.png\" \/>\n\t<meta property=\"og:image:width\" content=\"1920\" \/>\n\t<meta property=\"og:image:height\" content=\"2560\" \/>\n\t<meta property=\"og:image:type\" content=\"image\/png\" \/>\n<meta name=\"author\" content=\"Patricia\" \/>\n<meta name=\"twitter:card\" content=\"summary_large_image\" \/>\n<meta name=\"twitter:label1\" content=\"Verfasst von\" \/>\n\t<meta name=\"twitter:data1\" content=\"Patricia\" \/>\n\t<meta name=\"twitter:label2\" content=\"Gesch\u00e4tzte Lesezeit\" \/>\n\t<meta name=\"twitter:data2\" content=\"1\u00a0Minute\" \/>\n\t<meta name=\"twitter:label3\" content=\"Written by\" \/>\n\t<meta name=\"twitter:data3\" content=\"Patricia\" \/>\n<script type=\"application\/ld+json\" class=\"yoast-schema-graph\">{\"@context\":\"https:\\\/\\\/schema.org\",\"@graph\":[{\"@type\":\"Article\",\"@id\":\"https:\\\/\\\/www.efie-erlangen.de\\\/WP\\\/2026\\\/09\\\/weltkindertag-mit-picknick-am-18-september\\\/#article\",\"isPartOf\":{\"@id\":\"https:\\\/\\\/www.efie-erlangen.de\\\/WP\\\/2026\\\/09\\\/weltkindertag-mit-picknick-am-18-september\\\/\"},\"author\":{\"name\":\"Patricia\",\"@id\":\"https:\\\/\\\/www.efie-erlangen.de\\\/WP\\\/#\\\/schema\\\/person\\\/5a3182324d2b452b2d545dd988593236\"},\"headline\":\"Weltkindertag mit Picknick am 18. September\",\"datePublished\":\"2026-09-03T16:25:58+00:00\",\"dateModified\":\"2026-09-03T16:26:00+00:00\",\"mainEntityOfPage\":{\"@id\":\"https:\\\/\\\/www.efie-erlangen.de\\\/WP\\\/2026\\\/09\\\/weltkindertag-mit-picknick-am-18-september\\\/\"},\"wordCount\":94,\"image\":{\"@id\":\"https:\\\/\\\/www.efie-erlangen.de\\\/WP\\\/2026\\\/09\\\/weltkindertag-mit-picknick-am-18-september\\\/#primaryimage\"},\"thumbnailUrl\":\"https:\\\/\\\/www.efie-erlangen.de\\\/WP\\\/wp-content\\\/uploads\\\/2026\\\/09\\\/Weltkindertag-Werbung-neu-768x1024.png\",\"articleSection\":[\"Workshops, Kurse und Veranstaltungen\"],\"inLanguage\":\"de\"},{\"@type\":\"WebPage\",\"@id\":\"https:\\\/\\\/www.efie-erlangen.de\\\/WP\\\/2026\\\/09\\\/weltkindertag-mit-picknick-am-18-september\\\/\",\"url\":\"https:\\\/\\\/www.efie-erlangen.de\\\/WP\\\/2026\\\/09\\\/weltkindertag-mit-picknick-am-18-september\\\/\",\"name\":\"Weltkindertag mit Picknick am 18. September - EFIE\",\"isPartOf\":{\"@id\":\"https:\\\/\\\/www.efie-erlangen.de\\\/WP\\\/#website\"},\"primaryImageOfPage\":{\"@id\":\"https:\\\/\\\/www.efie-erlangen.de\\\/WP\\\/2026\\\/09\\\/weltkindertag-mit-picknick-am-18-september\\\/#primaryimage\"},\"image\":{\"@id\":\"https:\\\/\\\/www.efie-erlangen.de\\\/WP\\\/2026\\\/09\\\/weltkindertag-mit-picknick-am-18-september\\\/#primaryimage\"},\"thumbnailUrl\":\"https:\\\/\\\/www.efie-erlangen.de\\\/WP\\\/wp-content\\\/uploads\\\/2026\\\/09\\\/Weltkindertag-Werbung-neu-768x1024.png\",\"datePublished\":\"2026-09-03T16:25:58+00:00\",\"dateModified\":\"2026-09-03T16:26:00+00:00\",\"author\":{\"@id\":\"https:\\\/\\\/www.efie-erlangen.de\\\/WP\\\/#\\\/schema\\\/person\\\/5a3182324d2b452b2d545dd988593236\"},\"breadcrumb\":{\"@id\":\"https:\\\/\\\/www.efie-erlangen.de\\\/WP\\\/2026\\\/09\\\/weltkindertag-mit-picknick-am-18-september\\\/#breadcrumb\"},\"inLanguage\":\"de\",\"potentialAction\":[{\"@type\":\"ReadAction\",\"target\":[\"https:\\\/\\\/www.efie-erlangen.de\\\/WP\\\/2026\\\/09\\\/weltkindertag-mit-picknick-am-18-september\\\/\"]}]},{\"@type\":\"ImageObject\",\"inLanguage\":\"de\",\"@id\":\"https:\\\/\\\/www.efie-erlangen.de\\\/WP\\\/2026\\\/09\\\/weltkindertag-mit-picknick-am-18-september\\\/#primaryimage\",\"url\":\"https:\\\/\\\/www.efie-erlangen.de\\\/WP\\\/wp-content\\\/uploads\\\/2026\\\/09\\\/Weltkindertag-Werbung-neu-scaled.png\",\"contentUrl\":\"https:\\\/\\\/www.efie-erlangen.de\\\/WP\\\/wp-content\\\/uploads\\\/2026\\\/09\\\/Weltkindertag-Werbung-neu-scaled.png\",\"width\":1920,\"height\":2560},{\"@type\":\"BreadcrumbList\",\"@id\":\"https:\\\/\\\/www.efie-erlangen.de\\\/WP\\\/2026\\\/09\\\/weltkindertag-mit-picknick-am-18-september\\\/#breadcrumb\",\"itemListElement\":[{\"@type\":\"ListItem\",\"position\":1,\"name\":\"Startseite\",\"item\":\"https:\\\/\\\/www.efie-erlangen.de\\\/WP\\\/\"},{\"@type\":\"ListItem\",\"position\":2,\"name\":\"Weltkindertag mit Picknick am 18. September\"}]},{\"@type\":\"WebSite\",\"@id\":\"https:\\\/\\\/www.efie-erlangen.de\\\/WP\\\/#website\",\"url\":\"https:\\\/\\\/www.efie-erlangen.de\\\/WP\\\/\",\"name\":\"EFIE\",\"description\":\"Ehrenamtliche Fl\u00fcchtlingsbetreuung in Erlangen EFIE e.V.\",\"potentialAction\":[{\"@type\":\"SearchAction\",\"target\":{\"@type\":\"EntryPoint\",\"urlTemplate\":\"https:\\\/\\\/www.efie-erlangen.de\\\/WP\\\/?s={search_term_string}\"},\"query-input\":{\"@type\":\"PropertyValueSpecification\",\"valueRequired\":true,\"valueName\":\"search_term_string\"}}],\"inLanguage\":\"de\"},{\"@type\":\"Person\",\"@id\":\"https:\\\/\\\/www.efie-erlangen.de\\\/WP\\\/#\\\/schema\\\/person\\\/5a3182324d2b452b2d545dd988593236\",\"name\":\"Patricia\",\"image\":{\"@type\":\"ImageObject\",\"inLanguage\":\"de\",\"@id\":\"https:\\\/\\\/secure.gravatar.com\\\/avatar\\\/90999cc1d40e933901198df6851b874d9f1d8d9f332098ec3544f12e89f1a2cd?s=96&d=mm&r=g5f0208846d34d1822766b40dcd86ddfc\",\"url\":\"https:\\\/\\\/secure.gravatar.com\\\/avatar\\\/90999cc1d40e933901198df6851b874d9f1d8d9f332098ec3544f12e89f1a2cd?s=96&d=mm&r=g\",\"contentUrl\":\"https:\\\/\\\/secure.gravatar.com\\\/avatar\\\/90999cc1d40e933901198df6851b874d9f1d8d9f332098ec3544f12e89f1a2cd?s=96&d=mm&r=g\",\"caption\":\"Patricia\"}}]}<\/script>\n<!-- \/ Yoast SEO plugin. -->","yoast_head_json":{"title":"Weltkindertag mit Picknick am 18. September - EFIE","robots":{"index":"noindex","follow":"follow"},"og_locale":"de_DE","og_type":"article","og_title":"Weltkindertag mit Picknick am 18. September - EFIE","og_description":"Weltkindertag mit Picknick am 18. September von 15:30 \u2013 17:30 Uhr auf der Wiese beim Spielplatz an der Saalestra\u00dfe Clownin &#8222;Francesca Mimosa Furiosa&#8220; freut sich auf viele Kinder zu einem vergn\u00fcglichen Nachmittag mit Spielen auf&hellip;","og_url":"https:\/\/www.efie-erlangen.de\/WP\/2026\/09\/weltkindertag-mit-picknick-am-18-september\/","og_site_name":"EFIE","article_published_time":"2026-09-03T16:25:58+00:00","article_modified_time":"2026-09-03T16:26:00+00:00","og_image":[{"width":1920,"height":2560,"url":"https:\/\/www.efie-erlangen.de\/WP\/wp-content\/uploads\/2026\/09\/Weltkindertag-Werbung-neu-scaled.png","type":"image\/png"}],"author":"Patricia","twitter_card":"summary_large_image","twitter_misc":{"Verfasst von":"Patricia","Gesch\u00e4tzte Lesezeit":"1\u00a0Minute","Written by":"Patricia"},"schema":{"@context":"https:\/\/schema.org","@graph":[{"@type":"Article","@id":"https:\/\/www.efie-erlangen.de\/WP\/2026\/09\/weltkindertag-mit-picknick-am-18-september\/#article","isPartOf":{"@id":"https:\/\/www.efie-erlangen.de\/WP\/2026\/09\/weltkindertag-mit-picknick-am-18-september\/"},"author":{"name":"Patricia","@id":"https:\/\/www.efie-erlangen.de\/WP\/#\/schema\/person\/5a3182324d2b452b2d545dd988593236"},"headline":"Weltkindertag mit Picknick am 18. September","datePublished":"2026-09-03T16:25:58+00:00","dateModified":"2026-09-03T16:26:00+00:00","mainEntityOfPage":{"@id":"https:\/\/www.efie-erlangen.de\/WP\/2026\/09\/weltkindertag-mit-picknick-am-18-september\/"},"wordCount":94,"image":{"@id":"https:\/\/www.efie-erlangen.de\/WP\/2026\/09\/weltkindertag-mit-picknick-am-18-september\/#primaryimage"},"thumbnailUrl":"https:\/\/www.efie-erlangen.de\/WP\/wp-content\/uploads\/2026\/09\/Weltkindertag-Werbung-neu-768x1024.png","articleSection":["Workshops, Kurse und Veranstaltungen"],"inLanguage":"de"},{"@type":"WebPage","@id":"https:\/\/www.efie-erlangen.de\/WP\/2026\/09\/weltkindertag-mit-picknick-am-18-september\/","url":"https:\/\/www.efie-erlangen.de\/WP\/2026\/09\/weltkindertag-mit-picknick-am-18-september\/","name":"Weltkindertag mit Picknick am 18. September - EFIE","isPartOf":{"@id":"https:\/\/www.efie-erlangen.de\/WP\/#website"},"primaryImageOfPage":{"@id":"https:\/\/www.efie-erlangen.de\/WP\/2026\/09\/weltkindertag-mit-picknick-am-18-september\/#primaryimage"},"image":{"@id":"https:\/\/www.efie-erlangen.de\/WP\/2026\/09\/weltkindertag-mit-picknick-am-18-september\/#primaryimage"},"thumbnailUrl":"https:\/\/www.efie-erlangen.de\/WP\/wp-content\/uploads\/2026\/09\/Weltkindertag-Werbung-neu-768x1024.png","datePublished":"2026-09-03T16:25:58+00:00","dateModified":"2026-09-03T16:26:00+00:00","author":{"@id":"https:\/\/www.efie-erlangen.de\/WP\/#\/schema\/person\/5a3182324d2b452b2d545dd988593236"},"breadcrumb":{"@id":"https:\/\/www.efie-erlangen.de\/WP\/2026\/09\/weltkindertag-mit-picknick-am-18-september\/#breadcrumb"},"inLanguage":"de","potentialAction":[{"@type":"ReadAction","target":["https:\/\/www.efie-erlangen.de\/WP\/2026\/09\/weltkindertag-mit-picknick-am-18-september\/"]}]},{"@type":"ImageObject","inLanguage":"de","@id":"https:\/\/www.efie-erlangen.de\/WP\/2026\/09\/weltkindertag-mit-picknick-am-18-september\/#primaryimage","url":"https:\/\/www.efie-erlangen.de\/WP\/wp-content\/uploads\/2026\/09\/Weltkindertag-Werbung-neu-scaled.png","contentUrl":"https:\/\/www.efie-erlangen.de\/WP\/wp-content\/uploads\/2026\/09\/Weltkindertag-Werbung-neu-scaled.png","width":1920,"height":2560},{"@type":"BreadcrumbList","@id":"https:\/\/www.efie-erlangen.de\/WP\/2026\/09\/weltkindertag-mit-picknick-am-18-september\/#breadcrumb","itemListElement":[{"@type":"ListItem","position":1,"name":"Startseite","item":"https:\/\/www.efie-erlangen.de\/WP\/"},{"@type":"ListItem","position":2,"name":"Weltkindertag mit Picknick am 18. September"}]},{"@type":"WebSite","@id":"https:\/\/www.efie-erlangen.de\/WP\/#website","url":"https:\/\/www.efie-erlangen.de\/WP\/","name":"EFIE","description":"Ehrenamtliche Fl\u00fcchtlingsbetreuung in Erlangen EFIE e.V.","potentialAction":[{"@type":"SearchAction","target":{"@type":"EntryPoint","urlTemplate":"https:\/\/www.efie-erlangen.de\/WP\/?s={search_term_string}"},"query-input":{"@type":"PropertyValueSpecification","valueRequired":true,"valueName":"search_term_string"}}],"inLanguage":"de"},{"@type":"Person","@id":"https:\/\/www.efie-erlangen.de\/WP\/#\/schema\/person\/5a3182324d2b452b2d545dd988593236","name":"Patricia","image":{"@type":"ImageObject","inLanguage":"de","@id":"https:\/\/secure.gravatar.com\/avatar\/90999cc1d40e933901198df6851b874d9f1d8d9f332098ec3544f12e89f1a2cd?s=96&d=mm&r=g5f0208846d34d1822766b40dcd86ddfc","url":"https:\/\/secure.gravatar.com\/avatar\/90999cc1d40e933901198df6851b874d9f1d8d9f332098ec3544f12e89f1a2cd?s=96&d=mm&r=g","contentUrl":"https:\/\/secure.gravatar.com\/avatar\/90999cc1d40e933901198df6851b874d9f1d8d9f332098ec3544f12e89f1a2cd?s=96&d=mm&r=g","caption":"Patricia"}}]}},"_links":{"self":[{"href":"https:\/\/www.efie-erlangen.de\/WP\/wp-json\/wp\/v2\/posts\/8466","targetHints":{"allow":["GET"]}}],"collection":[{"href":"https:\/\/www.efie-erlangen.de\/WP\/wp-json\/wp\/v2\/posts"}],"about":[{"href":"https:\/\/www.efie-erlangen.de\/WP\/wp-json\/wp\/v2\/types\/post"}],"author":[{"embeddable":true,"href":"https:\/\/www.efie-erlangen.de\/WP\/wp-json\/wp\/v2\/users\/11"}],"replies":[{"embeddable":true,"href":"https:\/\/www.efie-erlangen.de\/WP\/wp-json\/wp\/v2\/comments?post=8466"}],"version-history":[{"count":1,"href":"https:\/\/www.efie-erlangen.de\/WP\/wp-json\/wp\/v2\/posts\/8466\/revisions"}],"predecessor-version":[{"id":8468,"href":"https:\/\/www.efie-erlangen.de\/WP\/wp-json\/wp\/v2\/posts\/8466\/revisions\/8468"}],"wp:attachment":[{"href":"https:\/\/www.efie-erlangen.de\/WP\/wp-json\/wp\/v2\/media?parent=8466"}],"wp:term":[{"taxonomy":"category","embeddable":true,"href":"https:\/\/www.efie-erlangen.de\/WP\/wp-json\/wp\/v2\/categories?post=8466"},{"taxonomy":"post_tag","embeddable":true,"href":"https:\/\/www.efie-erlangen.de\/WP\/wp-json\/wp\/v2\/tags?post=8466"},{"taxonomy":"author","embeddable":true,"href":"https:\/\/www.efie-erlangen.de\/WP\/wp-json\/wp\/v2\/coauthors?post=8466"}],"curies":[{"name":"wp","href":"https:\/\/api.w.org\/{rel}","templated":true}]}}