{"id":7968,"date":"2026-04-30T14:25:59","date_gmt":"2026-04-30T12:25:59","guid":{"rendered":"https:\/\/www.efie-erlangen.de\/WP\/?p=7968"},"modified":"2026-04-30T14:26:01","modified_gmt":"2026-04-30T12:26:01","slug":"11-05-2026-efie-talks-25-jahre-fluechtlingsbegleitung-benefizabend","status":"publish","type":"post","link":"https:\/\/www.efie-erlangen.de\/WP\/2026\/04\/11-05-2026-efie-talks-25-jahre-fluechtlingsbegleitung-benefizabend\/","title":{"rendered":"11.05.2026 EFiE talks: 25 Jahre Fl\u00fcchtlingsbegleitung \u2013 Benefizabend"},"content":{"rendered":"\n<p>EFiE \u2013 Ehrenamtliche Fl\u00fcchtlingsbegleitung in Erlangen l\u00e4dt anl\u00e4sslich ihres 25-j\u00e4hrigen Bestehens zu einer Benefizveranstaltung am Montag 11.05.2026 in die Kellerb\u00fchne im E-Werk ein. Beginn ist um 18:30 Uhr, der Eintritt ist frei. Als Special Guest sorgt das Improtheater \u201eHolterdiepolter\u201c mit einer unterhaltsamen Showeinlage f\u00fcr einen besonderen Programmpunkt. Unter dem Titel&nbsp;<strong>\u201eEFiE talks: von H\u00e4nden und F\u00fc\u00dfen zu Apps und Emojis \u2013 Fl\u00fcchtlingsbegleitung seit 25 Jahren\u201c <\/strong>wird ein lebendiger Blick auf die Entwicklung der ehrenamtlichen Fl\u00fcchtlingshilfe geworfen.<\/p>\n\n\n\n<p><a href=\"https:\/\/www.efie-erlangen.de\/WP\/wp-content\/uploads\/2026\/04\/EFiE_Talks_11Mai2026-1.pdf\">https:\/\/www.efie-erlangen.de\/WP\/wp-content\/uploads\/2026\/04\/EFiE_Talks_11Mai2026-1.pdf<\/a><\/p>\n\n\n\n<p><a href=\"https:\/\/www.e-werk.de\/programm\/alle-termine\/detail\/25-jahre-efie-engagement-das-bewegt-5604\">https:\/\/www.e-werk.de\/programm\/alle-termine\/detail\/25-jahre-efie-engagement-das-bewegt-5604<\/a><\/p>\n\n\n\n<p>Seit 25 Jahren begleitet EFiE gefl\u00fcchtete Menschen beim Ankommen in Erlangen \u2013 oft ganz praktisch, manchmal herausfordernd und immer nah am Leben. Die Veranstaltung er\u00f6ffnet lebendige Einblicke in diese Arbeit und zeigt, wie sich die Fl\u00fcchtlingsbegleitung im Laufe der Zeit ver\u00e4ndert hat. Im Mittelpunkt stehen Fragen aus dem Alltag: Wie erkl\u00e4rt man einen Zoobesuch ohne gemeinsame Sprache? Welche ersten H\u00fcrden gilt es in einer neuen Stadt zu \u00fcberwinden? Ehrenamtliche erz\u00e4hlen von ihren Erfahrungen, von bewegenden Momenten und von kleinen Erfolgen, die Gro\u00dfes bedeuten k\u00f6nnen. Dabei wird sp\u00fcrbar, wie wichtig Engagement, Offenheit und Vertrauen sind.<\/p>\n\n\n\n<p>Das Improtheater \u201eHolterdiepolter\u201c bringt mit Witz und Spontaneit\u00e4t frischen Schwung in den Abend und sorgt f\u00fcr \u00fcberraschende, humorvolle Momente. Dar\u00fcber hinaus l\u00e4dt die Veranstaltung dazu ein, EFiE n\u00e4her kennenzulernen: Besucherinnen und Besucher k\u00f6nnen sich informieren, Fragen stellen und mit den Engagierten ins Gespr\u00e4ch kommen. So entsteht ein Abend voller Einblicke, Begegnungen und neuer Perspektiven. Mit der Benefizveranstaltung m\u00f6chte EFiE auf ihre Arbeit aufmerksam machen und Unterst\u00fctzung f\u00fcr ihr weiteres Engagement gewinnen.<\/p>\n","protected":false},"excerpt":{"rendered":"<p>EFiE \u2013 Ehrenamtliche Fl\u00fcchtlingsbegleitung in Erlangen l\u00e4dt anl\u00e4sslich ihres 25-j\u00e4hrigen Bestehens zu einer Benefizveranstaltung am Montag 11.05.2026 in die Kellerb\u00fchne im E-Werk ein. Beginn ist um 18:30 Uhr, der Eintritt ist frei. Als Special Guest&hellip;<\/p>\n","protected":false},"author":11,"featured_media":0,"comment_status":"closed","ping_status":"closed","sticky":false,"template":"","format":"standard","meta":{"footnotes":""},"categories":[57],"tags":[],"coauthors":[47],"class_list":["post-7968","post","type-post","status-publish","format-standard","hentry","category-in-eigener-sache"],"yoast_head":"<!-- This site is optimized with the Yoast SEO plugin v27.4 - https:\/\/yoast.com\/product\/yoast-seo-wordpress\/ -->\n<title>11.05.2026 EFiE talks: 25 Jahre Fl\u00fcchtlingsbegleitung \u2013 Benefizabend - EFIE<\/title>\n<meta name=\"robots\" content=\"noindex, follow\" \/>\n<meta property=\"og:locale\" content=\"de_DE\" \/>\n<meta property=\"og:type\" content=\"article\" \/>\n<meta property=\"og:title\" content=\"11.05.2026 EFiE talks: 25 Jahre Fl\u00fcchtlingsbegleitung \u2013 Benefizabend - EFIE\" \/>\n<meta property=\"og:description\" content=\"EFiE \u2013 Ehrenamtliche Fl\u00fcchtlingsbegleitung in Erlangen l\u00e4dt anl\u00e4sslich ihres 25-j\u00e4hrigen Bestehens zu einer Benefizveranstaltung am Montag 11.05.2026 in die Kellerb\u00fchne im E-Werk ein. Beginn ist um 18:30 Uhr, der Eintritt ist frei. Als Special Guest&hellip;\" \/>\n<meta property=\"og:url\" content=\"https:\/\/www.efie-erlangen.de\/WP\/2026\/04\/11-05-2026-efie-talks-25-jahre-fluechtlingsbegleitung-benefizabend\/\" \/>\n<meta property=\"og:site_name\" content=\"EFIE\" \/>\n<meta property=\"article:published_time\" content=\"2026-04-30T12:25:59+00:00\" \/>\n<meta property=\"article:modified_time\" content=\"2026-04-30T12:26:01+00:00\" \/>\n<meta name=\"author\" content=\"Patricia\" \/>\n<meta name=\"twitter:card\" content=\"summary_large_image\" \/>\n<meta name=\"twitter:label1\" content=\"Verfasst von\" \/>\n\t<meta name=\"twitter:data1\" content=\"Patricia\" \/>\n\t<meta name=\"twitter:label2\" content=\"Gesch\u00e4tzte Lesezeit\" \/>\n\t<meta name=\"twitter:data2\" content=\"2\u00a0Minuten\" \/>\n\t<meta name=\"twitter:label3\" content=\"Written by\" \/>\n\t<meta name=\"twitter:data3\" content=\"Patricia\" \/>\n<script type=\"application\/ld+json\" class=\"yoast-schema-graph\">{\"@context\":\"https:\\\/\\\/schema.org\",\"@graph\":[{\"@type\":\"Article\",\"@id\":\"https:\\\/\\\/www.efie-erlangen.de\\\/WP\\\/2026\\\/04\\\/11-05-2026-efie-talks-25-jahre-fluechtlingsbegleitung-benefizabend\\\/#article\",\"isPartOf\":{\"@id\":\"https:\\\/\\\/www.efie-erlangen.de\\\/WP\\\/2026\\\/04\\\/11-05-2026-efie-talks-25-jahre-fluechtlingsbegleitung-benefizabend\\\/\"},\"author\":{\"name\":\"Patricia\",\"@id\":\"https:\\\/\\\/www.efie-erlangen.de\\\/WP\\\/#\\\/schema\\\/person\\\/5a3182324d2b452b2d545dd988593236\"},\"headline\":\"11.05.2026 EFiE talks: 25 Jahre Fl\u00fcchtlingsbegleitung \u2013 Benefizabend\",\"datePublished\":\"2026-04-30T12:25:59+00:00\",\"dateModified\":\"2026-04-30T12:26:01+00:00\",\"mainEntityOfPage\":{\"@id\":\"https:\\\/\\\/www.efie-erlangen.de\\\/WP\\\/2026\\\/04\\\/11-05-2026-efie-talks-25-jahre-fluechtlingsbegleitung-benefizabend\\\/\"},\"wordCount\":291,\"articleSection\":[\"In eigener Sache\"],\"inLanguage\":\"de\"},{\"@type\":\"WebPage\",\"@id\":\"https:\\\/\\\/www.efie-erlangen.de\\\/WP\\\/2026\\\/04\\\/11-05-2026-efie-talks-25-jahre-fluechtlingsbegleitung-benefizabend\\\/\",\"url\":\"https:\\\/\\\/www.efie-erlangen.de\\\/WP\\\/2026\\\/04\\\/11-05-2026-efie-talks-25-jahre-fluechtlingsbegleitung-benefizabend\\\/\",\"name\":\"11.05.2026 EFiE talks: 25 Jahre Fl\u00fcchtlingsbegleitung \u2013 Benefizabend - EFIE\",\"isPartOf\":{\"@id\":\"https:\\\/\\\/www.efie-erlangen.de\\\/WP\\\/#website\"},\"datePublished\":\"2026-04-30T12:25:59+00:00\",\"dateModified\":\"2026-04-30T12:26:01+00:00\",\"author\":{\"@id\":\"https:\\\/\\\/www.efie-erlangen.de\\\/WP\\\/#\\\/schema\\\/person\\\/5a3182324d2b452b2d545dd988593236\"},\"breadcrumb\":{\"@id\":\"https:\\\/\\\/www.efie-erlangen.de\\\/WP\\\/2026\\\/04\\\/11-05-2026-efie-talks-25-jahre-fluechtlingsbegleitung-benefizabend\\\/#breadcrumb\"},\"inLanguage\":\"de\",\"potentialAction\":[{\"@type\":\"ReadAction\",\"target\":[\"https:\\\/\\\/www.efie-erlangen.de\\\/WP\\\/2026\\\/04\\\/11-05-2026-efie-talks-25-jahre-fluechtlingsbegleitung-benefizabend\\\/\"]}]},{\"@type\":\"BreadcrumbList\",\"@id\":\"https:\\\/\\\/www.efie-erlangen.de\\\/WP\\\/2026\\\/04\\\/11-05-2026-efie-talks-25-jahre-fluechtlingsbegleitung-benefizabend\\\/#breadcrumb\",\"itemListElement\":[{\"@type\":\"ListItem\",\"position\":1,\"name\":\"Startseite\",\"item\":\"https:\\\/\\\/www.efie-erlangen.de\\\/WP\\\/\"},{\"@type\":\"ListItem\",\"position\":2,\"name\":\"11.05.2026 EFiE talks: 25 Jahre Fl\u00fcchtlingsbegleitung \u2013 Benefizabend\"}]},{\"@type\":\"WebSite\",\"@id\":\"https:\\\/\\\/www.efie-erlangen.de\\\/WP\\\/#website\",\"url\":\"https:\\\/\\\/www.efie-erlangen.de\\\/WP\\\/\",\"name\":\"EFIE\",\"description\":\"Ehrenamtliche Fl\u00fcchtlingsbetreuung in Erlangen EFIE e.V.\",\"potentialAction\":[{\"@type\":\"SearchAction\",\"target\":{\"@type\":\"EntryPoint\",\"urlTemplate\":\"https:\\\/\\\/www.efie-erlangen.de\\\/WP\\\/?s={search_term_string}\"},\"query-input\":{\"@type\":\"PropertyValueSpecification\",\"valueRequired\":true,\"valueName\":\"search_term_string\"}}],\"inLanguage\":\"de\"},{\"@type\":\"Person\",\"@id\":\"https:\\\/\\\/www.efie-erlangen.de\\\/WP\\\/#\\\/schema\\\/person\\\/5a3182324d2b452b2d545dd988593236\",\"name\":\"Patricia\",\"image\":{\"@type\":\"ImageObject\",\"inLanguage\":\"de\",\"@id\":\"https:\\\/\\\/secure.gravatar.com\\\/avatar\\\/90999cc1d40e933901198df6851b874d9f1d8d9f332098ec3544f12e89f1a2cd?s=96&d=mm&r=g5f0208846d34d1822766b40dcd86ddfc\",\"url\":\"https:\\\/\\\/secure.gravatar.com\\\/avatar\\\/90999cc1d40e933901198df6851b874d9f1d8d9f332098ec3544f12e89f1a2cd?s=96&d=mm&r=g\",\"contentUrl\":\"https:\\\/\\\/secure.gravatar.com\\\/avatar\\\/90999cc1d40e933901198df6851b874d9f1d8d9f332098ec3544f12e89f1a2cd?s=96&d=mm&r=g\",\"caption\":\"Patricia\"}}]}<\/script>\n<!-- \/ Yoast SEO plugin. -->","yoast_head_json":{"title":"11.05.2026 EFiE talks: 25 Jahre Fl\u00fcchtlingsbegleitung \u2013 Benefizabend - EFIE","robots":{"index":"noindex","follow":"follow"},"og_locale":"de_DE","og_type":"article","og_title":"11.05.2026 EFiE talks: 25 Jahre Fl\u00fcchtlingsbegleitung \u2013 Benefizabend - EFIE","og_description":"EFiE \u2013 Ehrenamtliche Fl\u00fcchtlingsbegleitung in Erlangen l\u00e4dt anl\u00e4sslich ihres 25-j\u00e4hrigen Bestehens zu einer Benefizveranstaltung am Montag 11.05.2026 in die Kellerb\u00fchne im E-Werk ein. Beginn ist um 18:30 Uhr, der Eintritt ist frei. Als Special Guest&hellip;","og_url":"https:\/\/www.efie-erlangen.de\/WP\/2026\/04\/11-05-2026-efie-talks-25-jahre-fluechtlingsbegleitung-benefizabend\/","og_site_name":"EFIE","article_published_time":"2026-04-30T12:25:59+00:00","article_modified_time":"2026-04-30T12:26:01+00:00","author":"Patricia","twitter_card":"summary_large_image","twitter_misc":{"Verfasst von":"Patricia","Gesch\u00e4tzte Lesezeit":"2\u00a0Minuten","Written by":"Patricia"},"schema":{"@context":"https:\/\/schema.org","@graph":[{"@type":"Article","@id":"https:\/\/www.efie-erlangen.de\/WP\/2026\/04\/11-05-2026-efie-talks-25-jahre-fluechtlingsbegleitung-benefizabend\/#article","isPartOf":{"@id":"https:\/\/www.efie-erlangen.de\/WP\/2026\/04\/11-05-2026-efie-talks-25-jahre-fluechtlingsbegleitung-benefizabend\/"},"author":{"name":"Patricia","@id":"https:\/\/www.efie-erlangen.de\/WP\/#\/schema\/person\/5a3182324d2b452b2d545dd988593236"},"headline":"11.05.2026 EFiE talks: 25 Jahre Fl\u00fcchtlingsbegleitung \u2013 Benefizabend","datePublished":"2026-04-30T12:25:59+00:00","dateModified":"2026-04-30T12:26:01+00:00","mainEntityOfPage":{"@id":"https:\/\/www.efie-erlangen.de\/WP\/2026\/04\/11-05-2026-efie-talks-25-jahre-fluechtlingsbegleitung-benefizabend\/"},"wordCount":291,"articleSection":["In eigener Sache"],"inLanguage":"de"},{"@type":"WebPage","@id":"https:\/\/www.efie-erlangen.de\/WP\/2026\/04\/11-05-2026-efie-talks-25-jahre-fluechtlingsbegleitung-benefizabend\/","url":"https:\/\/www.efie-erlangen.de\/WP\/2026\/04\/11-05-2026-efie-talks-25-jahre-fluechtlingsbegleitung-benefizabend\/","name":"11.05.2026 EFiE talks: 25 Jahre Fl\u00fcchtlingsbegleitung \u2013 Benefizabend - EFIE","isPartOf":{"@id":"https:\/\/www.efie-erlangen.de\/WP\/#website"},"datePublished":"2026-04-30T12:25:59+00:00","dateModified":"2026-04-30T12:26:01+00:00","author":{"@id":"https:\/\/www.efie-erlangen.de\/WP\/#\/schema\/person\/5a3182324d2b452b2d545dd988593236"},"breadcrumb":{"@id":"https:\/\/www.efie-erlangen.de\/WP\/2026\/04\/11-05-2026-efie-talks-25-jahre-fluechtlingsbegleitung-benefizabend\/#breadcrumb"},"inLanguage":"de","potentialAction":[{"@type":"ReadAction","target":["https:\/\/www.efie-erlangen.de\/WP\/2026\/04\/11-05-2026-efie-talks-25-jahre-fluechtlingsbegleitung-benefizabend\/"]}]},{"@type":"BreadcrumbList","@id":"https:\/\/www.efie-erlangen.de\/WP\/2026\/04\/11-05-2026-efie-talks-25-jahre-fluechtlingsbegleitung-benefizabend\/#breadcrumb","itemListElement":[{"@type":"ListItem","position":1,"name":"Startseite","item":"https:\/\/www.efie-erlangen.de\/WP\/"},{"@type":"ListItem","position":2,"name":"11.05.2026 EFiE talks: 25 Jahre Fl\u00fcchtlingsbegleitung \u2013 Benefizabend"}]},{"@type":"WebSite","@id":"https:\/\/www.efie-erlangen.de\/WP\/#website","url":"https:\/\/www.efie-erlangen.de\/WP\/","name":"EFIE","description":"Ehrenamtliche Fl\u00fcchtlingsbetreuung in Erlangen EFIE e.V.","potentialAction":[{"@type":"SearchAction","target":{"@type":"EntryPoint","urlTemplate":"https:\/\/www.efie-erlangen.de\/WP\/?s={search_term_string}"},"query-input":{"@type":"PropertyValueSpecification","valueRequired":true,"valueName":"search_term_string"}}],"inLanguage":"de"},{"@type":"Person","@id":"https:\/\/www.efie-erlangen.de\/WP\/#\/schema\/person\/5a3182324d2b452b2d545dd988593236","name":"Patricia","image":{"@type":"ImageObject","inLanguage":"de","@id":"https:\/\/secure.gravatar.com\/avatar\/90999cc1d40e933901198df6851b874d9f1d8d9f332098ec3544f12e89f1a2cd?s=96&d=mm&r=g5f0208846d34d1822766b40dcd86ddfc","url":"https:\/\/secure.gravatar.com\/avatar\/90999cc1d40e933901198df6851b874d9f1d8d9f332098ec3544f12e89f1a2cd?s=96&d=mm&r=g","contentUrl":"https:\/\/secure.gravatar.com\/avatar\/90999cc1d40e933901198df6851b874d9f1d8d9f332098ec3544f12e89f1a2cd?s=96&d=mm&r=g","caption":"Patricia"}}]}},"_links":{"self":[{"href":"https:\/\/www.efie-erlangen.de\/WP\/wp-json\/wp\/v2\/posts\/7968","targetHints":{"allow":["GET"]}}],"collection":[{"href":"https:\/\/www.efie-erlangen.de\/WP\/wp-json\/wp\/v2\/posts"}],"about":[{"href":"https:\/\/www.efie-erlangen.de\/WP\/wp-json\/wp\/v2\/types\/post"}],"author":[{"embeddable":true,"href":"https:\/\/www.efie-erlangen.de\/WP\/wp-json\/wp\/v2\/users\/11"}],"replies":[{"embeddable":true,"href":"https:\/\/www.efie-erlangen.de\/WP\/wp-json\/wp\/v2\/comments?post=7968"}],"version-history":[{"count":1,"href":"https:\/\/www.efie-erlangen.de\/WP\/wp-json\/wp\/v2\/posts\/7968\/revisions"}],"predecessor-version":[{"id":7969,"href":"https:\/\/www.efie-erlangen.de\/WP\/wp-json\/wp\/v2\/posts\/7968\/revisions\/7969"}],"wp:attachment":[{"href":"https:\/\/www.efie-erlangen.de\/WP\/wp-json\/wp\/v2\/media?parent=7968"}],"wp:term":[{"taxonomy":"category","embeddable":true,"href":"https:\/\/www.efie-erlangen.de\/WP\/wp-json\/wp\/v2\/categories?post=7968"},{"taxonomy":"post_tag","embeddable":true,"href":"https:\/\/www.efie-erlangen.de\/WP\/wp-json\/wp\/v2\/tags?post=7968"},{"taxonomy":"author","embeddable":true,"href":"https:\/\/www.efie-erlangen.de\/WP\/wp-json\/wp\/v2\/coauthors?post=7968"}],"curies":[{"name":"wp","href":"https:\/\/api.w.org\/{rel}","templated":true}]}}