{"id":7963,"date":"2026-04-30T14:19:59","date_gmt":"2026-04-30T12:19:59","guid":{"rendered":"https:\/\/www.efie-erlangen.de\/WP\/?p=7963"},"modified":"2026-04-30T14:20:01","modified_gmt":"2026-04-30T12:20:01","slug":"57-infobrief-vom-27-04-2026-des-stmi-fuer-haupt-und-ehrenamtliche-taetige","status":"publish","type":"post","link":"https:\/\/www.efie-erlangen.de\/WP\/2026\/04\/57-infobrief-vom-27-04-2026-des-stmi-fuer-haupt-und-ehrenamtliche-taetige\/","title":{"rendered":"57. Infobrief vom 27.04. 2026 des StMI f\u00fcr haupt- und ehrenamtliche T\u00e4tige"},"content":{"rendered":"\n<p>Guten Tag,<\/p>\n\n\n\n<p>im\u00a0<a href=\"https:\/\/www.efie-erlangen.de\/WP\/wp-content\/uploads\/2026\/04\/57.-Infobrief-vom-27.04.2026.pdf\"><strong>57.<\/strong>\u00a0<strong>Infobrief vom 27.04. 2026<\/strong><\/a>\u00a0des Bayerischen Innenministeriums\u00a0f\u00fcr haupt- und ehrenamtlich T\u00e4tige sowie Projekttr\u00e4ger in den Bereichen Asyl und Integration werden folgende Themen behandelt:<\/p>\n\n\n\n<ol class=\"wp-block-list\">\n<li>Online-Infoabende f\u00fcr Eltern und Sch\u00fclerinnen und Sch\u00fcler in verschiedenen Sprachen zum Thema Berufswahl und duale Ausbildung<\/li>\n\n\n\n<li>Online-Vortr\u00e4ge in einfacher Sprache der Verbraucherzentrale Bayern zu verschiedenen Themen (Haftpflicht, Energiesparen, Vertr\u00e4ge)<\/li>\n\n\n\n<li>Bewerbung F\u00f6rderprogramm \u201eAllzeitorte. Gemeinsam mehr bewegen&#8220;<\/li>\n\n\n\n<li>Integrationspreise der Regierungen<\/li>\n\n\n\n<li>Gewinner des Bayerischen Integrationspreises 2026<\/li>\n\n\n\n<li>Infobriefe f\u00fcr ehrenamtliche Helferinnen und Helfer in den Bereichen Asyl und Integration<\/li>\n<\/ol>\n\n\n\n<p>Viele Gr\u00fc\u00dfe<br>Joachim Jacob<\/p>\n","protected":false},"excerpt":{"rendered":"<p>Guten Tag, im\u00a057.\u00a0Infobrief vom 27.04. 2026\u00a0des Bayerischen Innenministeriums\u00a0f\u00fcr haupt- und ehrenamtlich T\u00e4tige sowie Projekttr\u00e4ger in den Bereichen Asyl und Integration werden folgende Themen behandelt: Viele Gr\u00fc\u00dfeJoachim Jacob<\/p>\n","protected":false},"author":11,"featured_media":0,"comment_status":"closed","ping_status":"closed","sticky":false,"template":"","format":"standard","meta":{"footnotes":""},"categories":[59],"tags":[],"coauthors":[47],"class_list":["post-7963","post","type-post","status-publish","format-standard","hentry","category-aktuelle-informationen"],"yoast_head":"<!-- This site is optimized with the Yoast SEO plugin v27.4 - https:\/\/yoast.com\/product\/yoast-seo-wordpress\/ -->\n<title>57. Infobrief vom 27.04. 2026 des StMI f\u00fcr haupt- und ehrenamtliche T\u00e4tige - EFIE<\/title>\n<meta name=\"robots\" content=\"noindex, follow\" \/>\n<meta property=\"og:locale\" content=\"de_DE\" \/>\n<meta property=\"og:type\" content=\"article\" \/>\n<meta property=\"og:title\" content=\"57. Infobrief vom 27.04. 2026 des StMI f\u00fcr haupt- und ehrenamtliche T\u00e4tige - EFIE\" \/>\n<meta property=\"og:description\" content=\"Guten Tag, im\u00a057.\u00a0Infobrief vom 27.04. 2026\u00a0des Bayerischen Innenministeriums\u00a0f\u00fcr haupt- und ehrenamtlich T\u00e4tige sowie Projekttr\u00e4ger in den Bereichen Asyl und Integration werden folgende Themen behandelt: Viele Gr\u00fc\u00dfeJoachim Jacob\" \/>\n<meta property=\"og:url\" content=\"https:\/\/www.efie-erlangen.de\/WP\/2026\/04\/57-infobrief-vom-27-04-2026-des-stmi-fuer-haupt-und-ehrenamtliche-taetige\/\" \/>\n<meta property=\"og:site_name\" content=\"EFIE\" \/>\n<meta property=\"article:published_time\" content=\"2026-04-30T12:19:59+00:00\" \/>\n<meta property=\"article:modified_time\" content=\"2026-04-30T12:20:01+00:00\" \/>\n<meta name=\"author\" content=\"Patricia\" \/>\n<meta name=\"twitter:card\" content=\"summary_large_image\" \/>\n<meta name=\"twitter:label1\" content=\"Verfasst von\" \/>\n\t<meta name=\"twitter:data1\" content=\"Patricia\" \/>\n\t<meta name=\"twitter:label2\" content=\"Gesch\u00e4tzte Lesezeit\" \/>\n\t<meta name=\"twitter:data2\" content=\"1\u00a0Minute\" \/>\n\t<meta name=\"twitter:label3\" content=\"Written by\" \/>\n\t<meta name=\"twitter:data3\" content=\"Patricia\" \/>\n<script type=\"application\/ld+json\" class=\"yoast-schema-graph\">{\"@context\":\"https:\\\/\\\/schema.org\",\"@graph\":[{\"@type\":\"Article\",\"@id\":\"https:\\\/\\\/www.efie-erlangen.de\\\/WP\\\/2026\\\/04\\\/57-infobrief-vom-27-04-2026-des-stmi-fuer-haupt-und-ehrenamtliche-taetige\\\/#article\",\"isPartOf\":{\"@id\":\"https:\\\/\\\/www.efie-erlangen.de\\\/WP\\\/2026\\\/04\\\/57-infobrief-vom-27-04-2026-des-stmi-fuer-haupt-und-ehrenamtliche-taetige\\\/\"},\"author\":{\"name\":\"Patricia\",\"@id\":\"https:\\\/\\\/www.efie-erlangen.de\\\/WP\\\/#\\\/schema\\\/person\\\/5a3182324d2b452b2d545dd988593236\"},\"headline\":\"57. Infobrief vom 27.04. 2026 des StMI f\u00fcr haupt- und ehrenamtliche T\u00e4tige\",\"datePublished\":\"2026-04-30T12:19:59+00:00\",\"dateModified\":\"2026-04-30T12:20:01+00:00\",\"mainEntityOfPage\":{\"@id\":\"https:\\\/\\\/www.efie-erlangen.de\\\/WP\\\/2026\\\/04\\\/57-infobrief-vom-27-04-2026-des-stmi-fuer-haupt-und-ehrenamtliche-taetige\\\/\"},\"wordCount\":104,\"articleSection\":[\"Aktuelle Informationen\"],\"inLanguage\":\"de\"},{\"@type\":\"WebPage\",\"@id\":\"https:\\\/\\\/www.efie-erlangen.de\\\/WP\\\/2026\\\/04\\\/57-infobrief-vom-27-04-2026-des-stmi-fuer-haupt-und-ehrenamtliche-taetige\\\/\",\"url\":\"https:\\\/\\\/www.efie-erlangen.de\\\/WP\\\/2026\\\/04\\\/57-infobrief-vom-27-04-2026-des-stmi-fuer-haupt-und-ehrenamtliche-taetige\\\/\",\"name\":\"57. Infobrief vom 27.04. 2026 des StMI f\u00fcr haupt- und ehrenamtliche T\u00e4tige - EFIE\",\"isPartOf\":{\"@id\":\"https:\\\/\\\/www.efie-erlangen.de\\\/WP\\\/#website\"},\"datePublished\":\"2026-04-30T12:19:59+00:00\",\"dateModified\":\"2026-04-30T12:20:01+00:00\",\"author\":{\"@id\":\"https:\\\/\\\/www.efie-erlangen.de\\\/WP\\\/#\\\/schema\\\/person\\\/5a3182324d2b452b2d545dd988593236\"},\"breadcrumb\":{\"@id\":\"https:\\\/\\\/www.efie-erlangen.de\\\/WP\\\/2026\\\/04\\\/57-infobrief-vom-27-04-2026-des-stmi-fuer-haupt-und-ehrenamtliche-taetige\\\/#breadcrumb\"},\"inLanguage\":\"de\",\"potentialAction\":[{\"@type\":\"ReadAction\",\"target\":[\"https:\\\/\\\/www.efie-erlangen.de\\\/WP\\\/2026\\\/04\\\/57-infobrief-vom-27-04-2026-des-stmi-fuer-haupt-und-ehrenamtliche-taetige\\\/\"]}]},{\"@type\":\"BreadcrumbList\",\"@id\":\"https:\\\/\\\/www.efie-erlangen.de\\\/WP\\\/2026\\\/04\\\/57-infobrief-vom-27-04-2026-des-stmi-fuer-haupt-und-ehrenamtliche-taetige\\\/#breadcrumb\",\"itemListElement\":[{\"@type\":\"ListItem\",\"position\":1,\"name\":\"Startseite\",\"item\":\"https:\\\/\\\/www.efie-erlangen.de\\\/WP\\\/\"},{\"@type\":\"ListItem\",\"position\":2,\"name\":\"57. Infobrief vom 27.04. 2026 des StMI f\u00fcr haupt- und ehrenamtliche T\u00e4tige\"}]},{\"@type\":\"WebSite\",\"@id\":\"https:\\\/\\\/www.efie-erlangen.de\\\/WP\\\/#website\",\"url\":\"https:\\\/\\\/www.efie-erlangen.de\\\/WP\\\/\",\"name\":\"EFIE\",\"description\":\"Ehrenamtliche Fl\u00fcchtlingsbetreuung in Erlangen EFIE e.V.\",\"potentialAction\":[{\"@type\":\"SearchAction\",\"target\":{\"@type\":\"EntryPoint\",\"urlTemplate\":\"https:\\\/\\\/www.efie-erlangen.de\\\/WP\\\/?s={search_term_string}\"},\"query-input\":{\"@type\":\"PropertyValueSpecification\",\"valueRequired\":true,\"valueName\":\"search_term_string\"}}],\"inLanguage\":\"de\"},{\"@type\":\"Person\",\"@id\":\"https:\\\/\\\/www.efie-erlangen.de\\\/WP\\\/#\\\/schema\\\/person\\\/5a3182324d2b452b2d545dd988593236\",\"name\":\"Patricia\",\"image\":{\"@type\":\"ImageObject\",\"inLanguage\":\"de\",\"@id\":\"https:\\\/\\\/secure.gravatar.com\\\/avatar\\\/90999cc1d40e933901198df6851b874d9f1d8d9f332098ec3544f12e89f1a2cd?s=96&d=mm&r=g5f0208846d34d1822766b40dcd86ddfc\",\"url\":\"https:\\\/\\\/secure.gravatar.com\\\/avatar\\\/90999cc1d40e933901198df6851b874d9f1d8d9f332098ec3544f12e89f1a2cd?s=96&d=mm&r=g\",\"contentUrl\":\"https:\\\/\\\/secure.gravatar.com\\\/avatar\\\/90999cc1d40e933901198df6851b874d9f1d8d9f332098ec3544f12e89f1a2cd?s=96&d=mm&r=g\",\"caption\":\"Patricia\"}}]}<\/script>\n<!-- \/ Yoast SEO plugin. -->","yoast_head_json":{"title":"57. Infobrief vom 27.04. 2026 des StMI f\u00fcr haupt- und ehrenamtliche T\u00e4tige - EFIE","robots":{"index":"noindex","follow":"follow"},"og_locale":"de_DE","og_type":"article","og_title":"57. Infobrief vom 27.04. 2026 des StMI f\u00fcr haupt- und ehrenamtliche T\u00e4tige - EFIE","og_description":"Guten Tag, im\u00a057.\u00a0Infobrief vom 27.04. 2026\u00a0des Bayerischen Innenministeriums\u00a0f\u00fcr haupt- und ehrenamtlich T\u00e4tige sowie Projekttr\u00e4ger in den Bereichen Asyl und Integration werden folgende Themen behandelt: Viele Gr\u00fc\u00dfeJoachim Jacob","og_url":"https:\/\/www.efie-erlangen.de\/WP\/2026\/04\/57-infobrief-vom-27-04-2026-des-stmi-fuer-haupt-und-ehrenamtliche-taetige\/","og_site_name":"EFIE","article_published_time":"2026-04-30T12:19:59+00:00","article_modified_time":"2026-04-30T12:20:01+00:00","author":"Patricia","twitter_card":"summary_large_image","twitter_misc":{"Verfasst von":"Patricia","Gesch\u00e4tzte Lesezeit":"1\u00a0Minute","Written by":"Patricia"},"schema":{"@context":"https:\/\/schema.org","@graph":[{"@type":"Article","@id":"https:\/\/www.efie-erlangen.de\/WP\/2026\/04\/57-infobrief-vom-27-04-2026-des-stmi-fuer-haupt-und-ehrenamtliche-taetige\/#article","isPartOf":{"@id":"https:\/\/www.efie-erlangen.de\/WP\/2026\/04\/57-infobrief-vom-27-04-2026-des-stmi-fuer-haupt-und-ehrenamtliche-taetige\/"},"author":{"name":"Patricia","@id":"https:\/\/www.efie-erlangen.de\/WP\/#\/schema\/person\/5a3182324d2b452b2d545dd988593236"},"headline":"57. Infobrief vom 27.04. 2026 des StMI f\u00fcr haupt- und ehrenamtliche T\u00e4tige","datePublished":"2026-04-30T12:19:59+00:00","dateModified":"2026-04-30T12:20:01+00:00","mainEntityOfPage":{"@id":"https:\/\/www.efie-erlangen.de\/WP\/2026\/04\/57-infobrief-vom-27-04-2026-des-stmi-fuer-haupt-und-ehrenamtliche-taetige\/"},"wordCount":104,"articleSection":["Aktuelle Informationen"],"inLanguage":"de"},{"@type":"WebPage","@id":"https:\/\/www.efie-erlangen.de\/WP\/2026\/04\/57-infobrief-vom-27-04-2026-des-stmi-fuer-haupt-und-ehrenamtliche-taetige\/","url":"https:\/\/www.efie-erlangen.de\/WP\/2026\/04\/57-infobrief-vom-27-04-2026-des-stmi-fuer-haupt-und-ehrenamtliche-taetige\/","name":"57. Infobrief vom 27.04. 2026 des StMI f\u00fcr haupt- und ehrenamtliche T\u00e4tige - EFIE","isPartOf":{"@id":"https:\/\/www.efie-erlangen.de\/WP\/#website"},"datePublished":"2026-04-30T12:19:59+00:00","dateModified":"2026-04-30T12:20:01+00:00","author":{"@id":"https:\/\/www.efie-erlangen.de\/WP\/#\/schema\/person\/5a3182324d2b452b2d545dd988593236"},"breadcrumb":{"@id":"https:\/\/www.efie-erlangen.de\/WP\/2026\/04\/57-infobrief-vom-27-04-2026-des-stmi-fuer-haupt-und-ehrenamtliche-taetige\/#breadcrumb"},"inLanguage":"de","potentialAction":[{"@type":"ReadAction","target":["https:\/\/www.efie-erlangen.de\/WP\/2026\/04\/57-infobrief-vom-27-04-2026-des-stmi-fuer-haupt-und-ehrenamtliche-taetige\/"]}]},{"@type":"BreadcrumbList","@id":"https:\/\/www.efie-erlangen.de\/WP\/2026\/04\/57-infobrief-vom-27-04-2026-des-stmi-fuer-haupt-und-ehrenamtliche-taetige\/#breadcrumb","itemListElement":[{"@type":"ListItem","position":1,"name":"Startseite","item":"https:\/\/www.efie-erlangen.de\/WP\/"},{"@type":"ListItem","position":2,"name":"57. Infobrief vom 27.04. 2026 des StMI f\u00fcr haupt- und ehrenamtliche T\u00e4tige"}]},{"@type":"WebSite","@id":"https:\/\/www.efie-erlangen.de\/WP\/#website","url":"https:\/\/www.efie-erlangen.de\/WP\/","name":"EFIE","description":"Ehrenamtliche Fl\u00fcchtlingsbetreuung in Erlangen EFIE e.V.","potentialAction":[{"@type":"SearchAction","target":{"@type":"EntryPoint","urlTemplate":"https:\/\/www.efie-erlangen.de\/WP\/?s={search_term_string}"},"query-input":{"@type":"PropertyValueSpecification","valueRequired":true,"valueName":"search_term_string"}}],"inLanguage":"de"},{"@type":"Person","@id":"https:\/\/www.efie-erlangen.de\/WP\/#\/schema\/person\/5a3182324d2b452b2d545dd988593236","name":"Patricia","image":{"@type":"ImageObject","inLanguage":"de","@id":"https:\/\/secure.gravatar.com\/avatar\/90999cc1d40e933901198df6851b874d9f1d8d9f332098ec3544f12e89f1a2cd?s=96&d=mm&r=g5f0208846d34d1822766b40dcd86ddfc","url":"https:\/\/secure.gravatar.com\/avatar\/90999cc1d40e933901198df6851b874d9f1d8d9f332098ec3544f12e89f1a2cd?s=96&d=mm&r=g","contentUrl":"https:\/\/secure.gravatar.com\/avatar\/90999cc1d40e933901198df6851b874d9f1d8d9f332098ec3544f12e89f1a2cd?s=96&d=mm&r=g","caption":"Patricia"}}]}},"_links":{"self":[{"href":"https:\/\/www.efie-erlangen.de\/WP\/wp-json\/wp\/v2\/posts\/7963","targetHints":{"allow":["GET"]}}],"collection":[{"href":"https:\/\/www.efie-erlangen.de\/WP\/wp-json\/wp\/v2\/posts"}],"about":[{"href":"https:\/\/www.efie-erlangen.de\/WP\/wp-json\/wp\/v2\/types\/post"}],"author":[{"embeddable":true,"href":"https:\/\/www.efie-erlangen.de\/WP\/wp-json\/wp\/v2\/users\/11"}],"replies":[{"embeddable":true,"href":"https:\/\/www.efie-erlangen.de\/WP\/wp-json\/wp\/v2\/comments?post=7963"}],"version-history":[{"count":1,"href":"https:\/\/www.efie-erlangen.de\/WP\/wp-json\/wp\/v2\/posts\/7963\/revisions"}],"predecessor-version":[{"id":7967,"href":"https:\/\/www.efie-erlangen.de\/WP\/wp-json\/wp\/v2\/posts\/7963\/revisions\/7967"}],"wp:attachment":[{"href":"https:\/\/www.efie-erlangen.de\/WP\/wp-json\/wp\/v2\/media?parent=7963"}],"wp:term":[{"taxonomy":"category","embeddable":true,"href":"https:\/\/www.efie-erlangen.de\/WP\/wp-json\/wp\/v2\/categories?post=7963"},{"taxonomy":"post_tag","embeddable":true,"href":"https:\/\/www.efie-erlangen.de\/WP\/wp-json\/wp\/v2\/tags?post=7963"},{"taxonomy":"author","embeddable":true,"href":"https:\/\/www.efie-erlangen.de\/WP\/wp-json\/wp\/v2\/coauthors?post=7963"}],"curies":[{"name":"wp","href":"https:\/\/api.w.org\/{rel}","templated":true}]}}