{"id":7497,"date":"2025-12-09T19:32:13","date_gmt":"2025-12-09T18:32:13","guid":{"rendered":"https:\/\/www.efie-erlangen.de\/WP\/?p=7497"},"modified":"2025-12-22T21:12:33","modified_gmt":"2025-12-22T20:12:33","slug":"projekt-heimat-aktuell-viele-beratungs-und-hilfsangebote","status":"publish","type":"post","link":"https:\/\/www.efie-erlangen.de\/WP\/2025\/12\/projekt-heimat-aktuell-viele-beratungs-und-hilfsangebote\/","title":{"rendered":"Projekt Heimat Aktuell &#8211; Beratungs- und Hilfsangebote, philippinisches Fr\u00fchst\u00fcck, Yoga uvm."},"content":{"rendered":"\n<p>Das Projekt Heimat Aktuell bietet ab sofort Beratungen zu allen Themen, auch Schriftverkehr und Formulare, Suche nach Kindergartenplatz und vieles mehr\u2026.<\/p>\n\n\n\n<p><\/p>\n\n\n\n<p><strong>Liebe Ansprechpartner und liebe Kooperationspartner,<\/strong><\/p>\n\n\n\n<p>ein intensives Jahr neigt sich dem Ende zu. So vieles ist passiert, dass ein Blick zur\u00fcck bis zum Jahresanfang kaum m\u00f6glich scheint. Neben unseren regelm\u00e4\u00dfigen Angeboten wie Sprachkurse, Infovortr\u00e4ge, Vermittlung und Beratung durften wir im April mit \u201e<strong>Women International<\/strong>\u201c eine sehr erfolgreiche Veranstaltung zum Thema Arbeiten in Deutschland f\u00fcr zugewanderte Frauen im Rathaus durchf\u00fchren. Im Mai folgte der Besuch des <strong>Bayerischen Innenministers,<\/strong> der unser Projekt als gelungenes Beispiel f\u00fcr \u00e4hnliche Initiativen in Bayern w\u00fcrdigte. Kurz darauf organisierten wir gemeinsam mit dem Treffpunkt R\u00f6thelheimpark die zweij\u00e4hrliche <strong>\u201eLange Tafel der Kulturen<\/strong>\u201c. Im Juli stand dann unser gro\u00dfer <strong>Vereinsumzug<\/strong> an und nun steht bereits die Weihnachtszeit vor der T\u00fcr.<\/p>\n\n\n\n<p>Auch zum Jahresausklang und zu Beginn des neuen Jahres haben wir noch einiges f\u00fcr euch vorbereitet: Freut euch im Dezember auf ein <em>philippinisches Fr\u00fchst\u00fcck<\/em>, im Januar auf ein <em>pakistanisches Fr\u00fchst\u00fcck<\/em> (Details werden sp\u00e4ter ver\u00f6ffentlicht) sowie ab Ende Februar auf einen englischsprachigen <em>Hatha-Yoga-Kurs f\u00fcr Frauen<\/em>.<\/p>\n\n\n\n<p>Unsere aktuellen Sprachangebote &#8211; <em>Sprach-Caf\u00e9s, Sprach-Kakaos<\/em> und <em>DeutschStart f\u00fcr Mamas<\/em> &#8211; laufen Mitte Februar aus. Das n\u00e4chste \u201eSemester\u201c startet Anfang M\u00e4rz. (Den Anf\u00e4ngerkurs \u201eDeutschStart f\u00fcr Mamas\u201c haben wir zusammen mit dem Stadtteilzentrum Die Villa als \u00dcberbr\u00fcckungsangebot entwickelt, nachdem die Deutsch-Offensive-Kurse im Herbst ausgefallen sind. Ab M\u00e4rz werden die Deutsch-Offensive-Kurse voraussichtlich von der VHS \u00fcbernommen.)<\/p>\n\n\n\n<p><strong>Wir danken euch von Herzen f\u00fcr ein Jahr voller sch\u00f6ner Momente, f\u00fcr die gegenseitige Unterst\u00fctzung und freuen uns darauf, auch 2026 gemeinsam mit euch weiterzugehen.<\/strong><\/p>\n\n\n\n<p>&nbsp;&nbsp;&nbsp;&nbsp; * * * *<\/p>\n\n\n\n<p><em>Um m\u00f6glichst viele Frauen und Familien mit Migrationsgeschichte zu erreichen, bitten wir um eure Unterst\u00fctzung.<\/em><\/p>\n\n\n\n<p><em>Bitte macht die Frauen und Familien auf unser Angebot aufmerksam und leitet die Plakate gerne weiter. Diese findet ihr einzeln im Anhang.<\/em><\/p>\n\n\n\n<p>* * * *<\/p>\n\n\n\n<p><strong>INTERNATIONALE FR\u00dcHST\u00dcCKE &#8211; IM FOKUS: DIE PHILIPPINEN<\/strong><\/p>\n\n\n\n<p>Taucht ein in die kulinarische Vielfalt der Welt bei unseren Internationalen Fr\u00fchst\u00fccken im M\u00fctter- und Familientreff Erlangen e. V.! Einmal im Monat verw\u00f6hnen engagierte Frauen aus verschiedenen L\u00e4ndern mit liebevoll zubereiteten Spezialit\u00e4ten aus ihrer Heimat.<\/p>\n\n\n\n<p>Diesmal, am Freitag, dem <strong>12. Dezember<\/strong>, wird euch <strong>Eunice<\/strong> in unseren R\u00e4umen in der Paulistra\u00dfe 1 ein <strong>philippinisches Fr\u00fchst\u00fcck<\/strong> <strong>mit veganen und nicht-veganen Speisen<\/strong> zubereiten.<\/p>\n\n\n\n<p>Erwachsene und Kinder sind herzlich willkommen!<\/p>\n\n\n\n<p><strong>Anmeldungen <\/strong>sind bei Melinda Wiesler unter der Telefonnummer<strong> 0157\/3386-7565 <\/strong>oder per E-Mail an<strong> <u><a href=\"mailto:info@heimat-erlangen.de\">info@heimat-erlangen.de<\/a><\/u> <\/strong>m\u00f6glich.<\/p>\n\n\n\n<p><strong>HATHA-YOGA MIT CAGLA IN FEBRUARY &#8211; FOR INTERNATIONAL WOMEN<\/strong><\/p>\n\n\n\n<p>We\u2019re thrilled to invite you to our very first English-speaking Hatha Yoga class for women starting on 26 February at Paulistra\u00dfe 1. Further dates for this five-session yoga class are: 5, 12, 19 and 26 March. Everyone is warmly welcome, no prior yoga experience is needed. Join us to relax, move gently, and connect with yourself and other women in a supportive environment.<\/p>\n\n\n\n<p>To register, either send a WhatsApp message to <strong>0157\/3386-7565<\/strong> or email us at <strong><a href=\"mailto:info@heimat-erlangen.de\">info@heimat-erlangen.de<\/a><\/strong>.<\/p>\n\n\n\n<p><strong>UNSER BERATUNGS- UND UNTERST\u00dcTZUNGSANGEBOT<\/strong><\/p>\n\n\n\n<p>In Absprache mit der Integrationsberatung der Stadt Erlangen <strong>unterst\u00fctzt<\/strong> das Projekt Heimat ERlangen ab sofort zugewanderte Familien und <strong>Frauen in verschiedenen Lebensbereichen:<\/strong><\/p>\n\n\n\n<ul class=\"wp-block-list\">\n<li>Unterst\u00fctzung bei der <strong>Anmeldung in Kindergarten, Schule<\/strong> oder bei <strong>Deutschkursen<\/strong><\/li>\n\n\n\n<li>Hilfe bei wichtigen Dokumenten f\u00fcr Kinder und bei der <strong>Suche nach Nachhilfe<\/strong><\/li>\n\n\n\n<li>Beratung bei <strong>Bewerbungen<\/strong> sowie Berufsberatung f\u00fcr Frauen<\/li>\n\n\n\n<li>Unterst\u00fctzung und Begleitung bei der <strong>Wohnungssuche<\/strong><\/li>\n\n\n\n<li>Hilfe beim <strong>Schriftverkehr<\/strong> mit Beh\u00f6rden und anderen Institutionen etc.<\/li>\n<\/ul>\n\n\n\n<p><strong>Termin:&nbsp;<\/strong>vormittags, nach vorheriger Absprache.<\/p>\n\n\n\n<p><\/p>\n\n\n\n<p>Liebe Gr\u00fc\u00dfe an euch alle<\/p>\n\n\n\n<p>Melinda Wiesler &amp; Rosanna Mestice<\/p>\n\n\n\n<p><strong>Projekt Heimat ERlangen<\/strong><\/p>\n\n\n\n<p>Perspektive f\u00fcr Frauen und Familien mit Migrationshintergrund schaffen<\/p>\n\n\n\n<p>Tr\u00e4ger: M\u00fctter- und Familientreff Erlangen e.V.<\/p>\n\n\n\n<p>Paulistra\u00dfe 1<\/p>\n\n\n\n<p>91054 Erlangen<\/p>\n\n\n\n<p>Tel: 09131 26568<\/p>\n\n\n\n<p>Mobil: 0157 3386 7565<\/p>\n\n\n\n<p>Website: www.<a href=\"http:\/\/www.heimat-erlangen.de\/\" target=\"_blank\" rel=\"noreferrer noopener\">heimat-erlangen.de<\/a><\/p>\n\n\n\n<p>Facebook: @heimaterlangen<\/p>\n\n\n\n<p>Instagram: @heimat_erlangen<\/p>\n\n\n\n<p><\/p>\n\n\n\n<figure class=\"wp-block-image size-large\"><img loading=\"lazy\" decoding=\"async\" width=\"724\" height=\"1024\" src=\"https:\/\/www.efie-erlangen.de\/WP\/wp-content\/uploads\/2025\/12\/Hatha-Yoga-with-Cagla_Febr-March-2026-724x1024.png\" alt=\"\" class=\"wp-image-7496\" srcset=\"https:\/\/www.efie-erlangen.de\/WP\/wp-content\/uploads\/2025\/12\/Hatha-Yoga-with-Cagla_Febr-March-2026-724x1024.png 724w, https:\/\/www.efie-erlangen.de\/WP\/wp-content\/uploads\/2025\/12\/Hatha-Yoga-with-Cagla_Febr-March-2026-212x300.png 212w, https:\/\/www.efie-erlangen.de\/WP\/wp-content\/uploads\/2025\/12\/Hatha-Yoga-with-Cagla_Febr-March-2026-768x1086.png 768w, https:\/\/www.efie-erlangen.de\/WP\/wp-content\/uploads\/2025\/12\/Hatha-Yoga-with-Cagla_Febr-March-2026-1086x1536.png 1086w, https:\/\/www.efie-erlangen.de\/WP\/wp-content\/uploads\/2025\/12\/Hatha-Yoga-with-Cagla_Febr-March-2026-1448x2048.png 1448w, https:\/\/www.efie-erlangen.de\/WP\/wp-content\/uploads\/2025\/12\/Hatha-Yoga-with-Cagla_Febr-March-2026-1360x1924.png 1360w, https:\/\/www.efie-erlangen.de\/WP\/wp-content\/uploads\/2025\/12\/Hatha-Yoga-with-Cagla_Febr-March-2026-1320x1867.png 1320w, https:\/\/www.efie-erlangen.de\/WP\/wp-content\/uploads\/2025\/12\/Hatha-Yoga-with-Cagla_Febr-March-2026.png 1587w\" sizes=\"auto, (max-width: 724px) 100vw, 724px\" \/><\/figure>\n\n\n\n<figure class=\"wp-block-image size-large\"><img loading=\"lazy\" decoding=\"async\" width=\"724\" height=\"1024\" src=\"https:\/\/www.efie-erlangen.de\/WP\/wp-content\/uploads\/2025\/12\/Philippinisches-Fruehstueck-724x1024.png\" alt=\"\" class=\"wp-image-7498\" srcset=\"https:\/\/www.efie-erlangen.de\/WP\/wp-content\/uploads\/2025\/12\/Philippinisches-Fruehstueck-724x1024.png 724w, https:\/\/www.efie-erlangen.de\/WP\/wp-content\/uploads\/2025\/12\/Philippinisches-Fruehstueck-212x300.png 212w, https:\/\/www.efie-erlangen.de\/WP\/wp-content\/uploads\/2025\/12\/Philippinisches-Fruehstueck-768x1086.png 768w, https:\/\/www.efie-erlangen.de\/WP\/wp-content\/uploads\/2025\/12\/Philippinisches-Fruehstueck-1086x1536.png 1086w, https:\/\/www.efie-erlangen.de\/WP\/wp-content\/uploads\/2025\/12\/Philippinisches-Fruehstueck-1360x1924.png 1360w, https:\/\/www.efie-erlangen.de\/WP\/wp-content\/uploads\/2025\/12\/Philippinisches-Fruehstueck-1320x1867.png 1320w, https:\/\/www.efie-erlangen.de\/WP\/wp-content\/uploads\/2025\/12\/Philippinisches-Fruehstueck.png 1414w\" sizes=\"auto, (max-width: 724px) 100vw, 724px\" \/><\/figure>\n","protected":false},"excerpt":{"rendered":"<p>Das Projekt Heimat Aktuell bietet ab sofort Beratungen zu allen Themen, auch Schriftverkehr und Formulare, Suche nach Kindergartenplatz und vieles mehr\u2026. Liebe Ansprechpartner und liebe Kooperationspartner, ein intensives Jahr neigt sich dem Ende zu. So&hellip;<\/p>\n","protected":false},"author":10,"featured_media":0,"comment_status":"closed","ping_status":"closed","sticky":false,"template":"","format":"standard","meta":{"footnotes":""},"categories":[1],"tags":[],"coauthors":[45],"class_list":["post-7497","post","type-post","status-publish","format-standard","hentry","category-allgemein"],"yoast_head":"<!-- This site is optimized with the Yoast SEO plugin v27.4 - https:\/\/yoast.com\/product\/yoast-seo-wordpress\/ -->\n<title>Projekt Heimat Aktuell - Beratungs- und Hilfsangebote, philippinisches Fr\u00fchst\u00fcck, Yoga uvm. - EFIE<\/title>\n<meta name=\"robots\" content=\"noindex, follow\" \/>\n<meta property=\"og:locale\" content=\"de_DE\" \/>\n<meta property=\"og:type\" content=\"article\" \/>\n<meta property=\"og:title\" content=\"Projekt Heimat Aktuell - Beratungs- und Hilfsangebote, philippinisches Fr\u00fchst\u00fcck, Yoga uvm. - EFIE\" \/>\n<meta property=\"og:description\" content=\"Das Projekt Heimat Aktuell bietet ab sofort Beratungen zu allen Themen, auch Schriftverkehr und Formulare, Suche nach Kindergartenplatz und vieles mehr\u2026. Liebe Ansprechpartner und liebe Kooperationspartner, ein intensives Jahr neigt sich dem Ende zu. So&hellip;\" \/>\n<meta property=\"og:url\" content=\"https:\/\/www.efie-erlangen.de\/WP\/2025\/12\/projekt-heimat-aktuell-viele-beratungs-und-hilfsangebote\/\" \/>\n<meta property=\"og:site_name\" content=\"EFIE\" \/>\n<meta property=\"article:published_time\" content=\"2025-12-09T18:32:13+00:00\" \/>\n<meta property=\"article:modified_time\" content=\"2025-12-22T20:12:33+00:00\" \/>\n<meta property=\"og:image\" content=\"https:\/\/www.efie-erlangen.de\/WP\/wp-content\/uploads\/2025\/12\/Hatha-Yoga-with-Cagla_Febr-March-2026.png\" \/>\n\t<meta property=\"og:image:width\" content=\"1587\" \/>\n\t<meta property=\"og:image:height\" content=\"2245\" \/>\n\t<meta property=\"og:image:type\" content=\"image\/png\" \/>\n<meta name=\"author\" content=\"Annette\" \/>\n<meta name=\"twitter:card\" content=\"summary_large_image\" \/>\n<meta name=\"twitter:label1\" content=\"Verfasst von\" \/>\n\t<meta name=\"twitter:data1\" content=\"Annette\" \/>\n\t<meta name=\"twitter:label2\" content=\"Gesch\u00e4tzte Lesezeit\" \/>\n\t<meta name=\"twitter:data2\" content=\"4\u00a0Minuten\" \/>\n\t<meta name=\"twitter:label3\" content=\"Written by\" \/>\n\t<meta name=\"twitter:data3\" content=\"Annette\" \/>\n<script type=\"application\/ld+json\" class=\"yoast-schema-graph\">{\"@context\":\"https:\\\/\\\/schema.org\",\"@graph\":[{\"@type\":\"Article\",\"@id\":\"https:\\\/\\\/www.efie-erlangen.de\\\/WP\\\/2025\\\/12\\\/projekt-heimat-aktuell-viele-beratungs-und-hilfsangebote\\\/#article\",\"isPartOf\":{\"@id\":\"https:\\\/\\\/www.efie-erlangen.de\\\/WP\\\/2025\\\/12\\\/projekt-heimat-aktuell-viele-beratungs-und-hilfsangebote\\\/\"},\"author\":{\"name\":\"Annette\",\"@id\":\"https:\\\/\\\/www.efie-erlangen.de\\\/WP\\\/#\\\/schema\\\/person\\\/b9254eb14c39045c41adb6aacb057965\"},\"headline\":\"Projekt Heimat Aktuell &#8211; Beratungs- und Hilfsangebote, philippinisches Fr\u00fchst\u00fcck, Yoga uvm.\",\"datePublished\":\"2025-12-09T18:32:13+00:00\",\"dateModified\":\"2025-12-22T20:12:33+00:00\",\"mainEntityOfPage\":{\"@id\":\"https:\\\/\\\/www.efie-erlangen.de\\\/WP\\\/2025\\\/12\\\/projekt-heimat-aktuell-viele-beratungs-und-hilfsangebote\\\/\"},\"wordCount\":656,\"image\":{\"@id\":\"https:\\\/\\\/www.efie-erlangen.de\\\/WP\\\/2025\\\/12\\\/projekt-heimat-aktuell-viele-beratungs-und-hilfsangebote\\\/#primaryimage\"},\"thumbnailUrl\":\"https:\\\/\\\/www.efie-erlangen.de\\\/WP\\\/wp-content\\\/uploads\\\/2025\\\/12\\\/Hatha-Yoga-with-Cagla_Febr-March-2026-724x1024.png\",\"inLanguage\":\"de\"},{\"@type\":\"WebPage\",\"@id\":\"https:\\\/\\\/www.efie-erlangen.de\\\/WP\\\/2025\\\/12\\\/projekt-heimat-aktuell-viele-beratungs-und-hilfsangebote\\\/\",\"url\":\"https:\\\/\\\/www.efie-erlangen.de\\\/WP\\\/2025\\\/12\\\/projekt-heimat-aktuell-viele-beratungs-und-hilfsangebote\\\/\",\"name\":\"Projekt Heimat Aktuell - Beratungs- und Hilfsangebote, philippinisches Fr\u00fchst\u00fcck, Yoga uvm. - EFIE\",\"isPartOf\":{\"@id\":\"https:\\\/\\\/www.efie-erlangen.de\\\/WP\\\/#website\"},\"primaryImageOfPage\":{\"@id\":\"https:\\\/\\\/www.efie-erlangen.de\\\/WP\\\/2025\\\/12\\\/projekt-heimat-aktuell-viele-beratungs-und-hilfsangebote\\\/#primaryimage\"},\"image\":{\"@id\":\"https:\\\/\\\/www.efie-erlangen.de\\\/WP\\\/2025\\\/12\\\/projekt-heimat-aktuell-viele-beratungs-und-hilfsangebote\\\/#primaryimage\"},\"thumbnailUrl\":\"https:\\\/\\\/www.efie-erlangen.de\\\/WP\\\/wp-content\\\/uploads\\\/2025\\\/12\\\/Hatha-Yoga-with-Cagla_Febr-March-2026-724x1024.png\",\"datePublished\":\"2025-12-09T18:32:13+00:00\",\"dateModified\":\"2025-12-22T20:12:33+00:00\",\"author\":{\"@id\":\"https:\\\/\\\/www.efie-erlangen.de\\\/WP\\\/#\\\/schema\\\/person\\\/b9254eb14c39045c41adb6aacb057965\"},\"breadcrumb\":{\"@id\":\"https:\\\/\\\/www.efie-erlangen.de\\\/WP\\\/2025\\\/12\\\/projekt-heimat-aktuell-viele-beratungs-und-hilfsangebote\\\/#breadcrumb\"},\"inLanguage\":\"de\",\"potentialAction\":[{\"@type\":\"ReadAction\",\"target\":[\"https:\\\/\\\/www.efie-erlangen.de\\\/WP\\\/2025\\\/12\\\/projekt-heimat-aktuell-viele-beratungs-und-hilfsangebote\\\/\"]}]},{\"@type\":\"ImageObject\",\"inLanguage\":\"de\",\"@id\":\"https:\\\/\\\/www.efie-erlangen.de\\\/WP\\\/2025\\\/12\\\/projekt-heimat-aktuell-viele-beratungs-und-hilfsangebote\\\/#primaryimage\",\"url\":\"https:\\\/\\\/www.efie-erlangen.de\\\/WP\\\/wp-content\\\/uploads\\\/2025\\\/12\\\/Hatha-Yoga-with-Cagla_Febr-March-2026.png\",\"contentUrl\":\"https:\\\/\\\/www.efie-erlangen.de\\\/WP\\\/wp-content\\\/uploads\\\/2025\\\/12\\\/Hatha-Yoga-with-Cagla_Febr-March-2026.png\",\"width\":1587,\"height\":2245},{\"@type\":\"BreadcrumbList\",\"@id\":\"https:\\\/\\\/www.efie-erlangen.de\\\/WP\\\/2025\\\/12\\\/projekt-heimat-aktuell-viele-beratungs-und-hilfsangebote\\\/#breadcrumb\",\"itemListElement\":[{\"@type\":\"ListItem\",\"position\":1,\"name\":\"Startseite\",\"item\":\"https:\\\/\\\/www.efie-erlangen.de\\\/WP\\\/\"},{\"@type\":\"ListItem\",\"position\":2,\"name\":\"Projekt Heimat Aktuell &#8211; Beratungs- und Hilfsangebote, philippinisches Fr\u00fchst\u00fcck, Yoga uvm.\"}]},{\"@type\":\"WebSite\",\"@id\":\"https:\\\/\\\/www.efie-erlangen.de\\\/WP\\\/#website\",\"url\":\"https:\\\/\\\/www.efie-erlangen.de\\\/WP\\\/\",\"name\":\"EFIE\",\"description\":\"Ehrenamtliche Fl\u00fcchtlingsbetreuung in Erlangen EFIE e.V.\",\"potentialAction\":[{\"@type\":\"SearchAction\",\"target\":{\"@type\":\"EntryPoint\",\"urlTemplate\":\"https:\\\/\\\/www.efie-erlangen.de\\\/WP\\\/?s={search_term_string}\"},\"query-input\":{\"@type\":\"PropertyValueSpecification\",\"valueRequired\":true,\"valueName\":\"search_term_string\"}}],\"inLanguage\":\"de\"},{\"@type\":\"Person\",\"@id\":\"https:\\\/\\\/www.efie-erlangen.de\\\/WP\\\/#\\\/schema\\\/person\\\/b9254eb14c39045c41adb6aacb057965\",\"name\":\"Annette\",\"image\":{\"@type\":\"ImageObject\",\"inLanguage\":\"de\",\"@id\":\"https:\\\/\\\/secure.gravatar.com\\\/avatar\\\/1b45c318a2a580cde5bf04a7753b4006cc60588f7a849cda3e9fdd7b0dbc24cc?s=96&d=mm&r=g67b6d06614b24fd174e085a8dc9af36f\",\"url\":\"https:\\\/\\\/secure.gravatar.com\\\/avatar\\\/1b45c318a2a580cde5bf04a7753b4006cc60588f7a849cda3e9fdd7b0dbc24cc?s=96&d=mm&r=g\",\"contentUrl\":\"https:\\\/\\\/secure.gravatar.com\\\/avatar\\\/1b45c318a2a580cde5bf04a7753b4006cc60588f7a849cda3e9fdd7b0dbc24cc?s=96&d=mm&r=g\",\"caption\":\"Annette\"}}]}<\/script>\n<!-- \/ Yoast SEO plugin. -->","yoast_head_json":{"title":"Projekt Heimat Aktuell - Beratungs- und Hilfsangebote, philippinisches Fr\u00fchst\u00fcck, Yoga uvm. - EFIE","robots":{"index":"noindex","follow":"follow"},"og_locale":"de_DE","og_type":"article","og_title":"Projekt Heimat Aktuell - Beratungs- und Hilfsangebote, philippinisches Fr\u00fchst\u00fcck, Yoga uvm. - EFIE","og_description":"Das Projekt Heimat Aktuell bietet ab sofort Beratungen zu allen Themen, auch Schriftverkehr und Formulare, Suche nach Kindergartenplatz und vieles mehr\u2026. Liebe Ansprechpartner und liebe Kooperationspartner, ein intensives Jahr neigt sich dem Ende zu. So&hellip;","og_url":"https:\/\/www.efie-erlangen.de\/WP\/2025\/12\/projekt-heimat-aktuell-viele-beratungs-und-hilfsangebote\/","og_site_name":"EFIE","article_published_time":"2025-12-09T18:32:13+00:00","article_modified_time":"2025-12-22T20:12:33+00:00","og_image":[{"width":1587,"height":2245,"url":"https:\/\/www.efie-erlangen.de\/WP\/wp-content\/uploads\/2025\/12\/Hatha-Yoga-with-Cagla_Febr-March-2026.png","type":"image\/png"}],"author":"Annette","twitter_card":"summary_large_image","twitter_misc":{"Verfasst von":"Annette","Gesch\u00e4tzte Lesezeit":"4\u00a0Minuten","Written by":"Annette"},"schema":{"@context":"https:\/\/schema.org","@graph":[{"@type":"Article","@id":"https:\/\/www.efie-erlangen.de\/WP\/2025\/12\/projekt-heimat-aktuell-viele-beratungs-und-hilfsangebote\/#article","isPartOf":{"@id":"https:\/\/www.efie-erlangen.de\/WP\/2025\/12\/projekt-heimat-aktuell-viele-beratungs-und-hilfsangebote\/"},"author":{"name":"Annette","@id":"https:\/\/www.efie-erlangen.de\/WP\/#\/schema\/person\/b9254eb14c39045c41adb6aacb057965"},"headline":"Projekt Heimat Aktuell &#8211; Beratungs- und Hilfsangebote, philippinisches Fr\u00fchst\u00fcck, Yoga uvm.","datePublished":"2025-12-09T18:32:13+00:00","dateModified":"2025-12-22T20:12:33+00:00","mainEntityOfPage":{"@id":"https:\/\/www.efie-erlangen.de\/WP\/2025\/12\/projekt-heimat-aktuell-viele-beratungs-und-hilfsangebote\/"},"wordCount":656,"image":{"@id":"https:\/\/www.efie-erlangen.de\/WP\/2025\/12\/projekt-heimat-aktuell-viele-beratungs-und-hilfsangebote\/#primaryimage"},"thumbnailUrl":"https:\/\/www.efie-erlangen.de\/WP\/wp-content\/uploads\/2025\/12\/Hatha-Yoga-with-Cagla_Febr-March-2026-724x1024.png","inLanguage":"de"},{"@type":"WebPage","@id":"https:\/\/www.efie-erlangen.de\/WP\/2025\/12\/projekt-heimat-aktuell-viele-beratungs-und-hilfsangebote\/","url":"https:\/\/www.efie-erlangen.de\/WP\/2025\/12\/projekt-heimat-aktuell-viele-beratungs-und-hilfsangebote\/","name":"Projekt Heimat Aktuell - Beratungs- und Hilfsangebote, philippinisches Fr\u00fchst\u00fcck, Yoga uvm. - EFIE","isPartOf":{"@id":"https:\/\/www.efie-erlangen.de\/WP\/#website"},"primaryImageOfPage":{"@id":"https:\/\/www.efie-erlangen.de\/WP\/2025\/12\/projekt-heimat-aktuell-viele-beratungs-und-hilfsangebote\/#primaryimage"},"image":{"@id":"https:\/\/www.efie-erlangen.de\/WP\/2025\/12\/projekt-heimat-aktuell-viele-beratungs-und-hilfsangebote\/#primaryimage"},"thumbnailUrl":"https:\/\/www.efie-erlangen.de\/WP\/wp-content\/uploads\/2025\/12\/Hatha-Yoga-with-Cagla_Febr-March-2026-724x1024.png","datePublished":"2025-12-09T18:32:13+00:00","dateModified":"2025-12-22T20:12:33+00:00","author":{"@id":"https:\/\/www.efie-erlangen.de\/WP\/#\/schema\/person\/b9254eb14c39045c41adb6aacb057965"},"breadcrumb":{"@id":"https:\/\/www.efie-erlangen.de\/WP\/2025\/12\/projekt-heimat-aktuell-viele-beratungs-und-hilfsangebote\/#breadcrumb"},"inLanguage":"de","potentialAction":[{"@type":"ReadAction","target":["https:\/\/www.efie-erlangen.de\/WP\/2025\/12\/projekt-heimat-aktuell-viele-beratungs-und-hilfsangebote\/"]}]},{"@type":"ImageObject","inLanguage":"de","@id":"https:\/\/www.efie-erlangen.de\/WP\/2025\/12\/projekt-heimat-aktuell-viele-beratungs-und-hilfsangebote\/#primaryimage","url":"https:\/\/www.efie-erlangen.de\/WP\/wp-content\/uploads\/2025\/12\/Hatha-Yoga-with-Cagla_Febr-March-2026.png","contentUrl":"https:\/\/www.efie-erlangen.de\/WP\/wp-content\/uploads\/2025\/12\/Hatha-Yoga-with-Cagla_Febr-March-2026.png","width":1587,"height":2245},{"@type":"BreadcrumbList","@id":"https:\/\/www.efie-erlangen.de\/WP\/2025\/12\/projekt-heimat-aktuell-viele-beratungs-und-hilfsangebote\/#breadcrumb","itemListElement":[{"@type":"ListItem","position":1,"name":"Startseite","item":"https:\/\/www.efie-erlangen.de\/WP\/"},{"@type":"ListItem","position":2,"name":"Projekt Heimat Aktuell &#8211; Beratungs- und Hilfsangebote, philippinisches Fr\u00fchst\u00fcck, Yoga uvm."}]},{"@type":"WebSite","@id":"https:\/\/www.efie-erlangen.de\/WP\/#website","url":"https:\/\/www.efie-erlangen.de\/WP\/","name":"EFIE","description":"Ehrenamtliche Fl\u00fcchtlingsbetreuung in Erlangen EFIE e.V.","potentialAction":[{"@type":"SearchAction","target":{"@type":"EntryPoint","urlTemplate":"https:\/\/www.efie-erlangen.de\/WP\/?s={search_term_string}"},"query-input":{"@type":"PropertyValueSpecification","valueRequired":true,"valueName":"search_term_string"}}],"inLanguage":"de"},{"@type":"Person","@id":"https:\/\/www.efie-erlangen.de\/WP\/#\/schema\/person\/b9254eb14c39045c41adb6aacb057965","name":"Annette","image":{"@type":"ImageObject","inLanguage":"de","@id":"https:\/\/secure.gravatar.com\/avatar\/1b45c318a2a580cde5bf04a7753b4006cc60588f7a849cda3e9fdd7b0dbc24cc?s=96&d=mm&r=g67b6d06614b24fd174e085a8dc9af36f","url":"https:\/\/secure.gravatar.com\/avatar\/1b45c318a2a580cde5bf04a7753b4006cc60588f7a849cda3e9fdd7b0dbc24cc?s=96&d=mm&r=g","contentUrl":"https:\/\/secure.gravatar.com\/avatar\/1b45c318a2a580cde5bf04a7753b4006cc60588f7a849cda3e9fdd7b0dbc24cc?s=96&d=mm&r=g","caption":"Annette"}}]}},"_links":{"self":[{"href":"https:\/\/www.efie-erlangen.de\/WP\/wp-json\/wp\/v2\/posts\/7497","targetHints":{"allow":["GET"]}}],"collection":[{"href":"https:\/\/www.efie-erlangen.de\/WP\/wp-json\/wp\/v2\/posts"}],"about":[{"href":"https:\/\/www.efie-erlangen.de\/WP\/wp-json\/wp\/v2\/types\/post"}],"author":[{"embeddable":true,"href":"https:\/\/www.efie-erlangen.de\/WP\/wp-json\/wp\/v2\/users\/10"}],"replies":[{"embeddable":true,"href":"https:\/\/www.efie-erlangen.de\/WP\/wp-json\/wp\/v2\/comments?post=7497"}],"version-history":[{"count":2,"href":"https:\/\/www.efie-erlangen.de\/WP\/wp-json\/wp\/v2\/posts\/7497\/revisions"}],"predecessor-version":[{"id":7501,"href":"https:\/\/www.efie-erlangen.de\/WP\/wp-json\/wp\/v2\/posts\/7497\/revisions\/7501"}],"wp:attachment":[{"href":"https:\/\/www.efie-erlangen.de\/WP\/wp-json\/wp\/v2\/media?parent=7497"}],"wp:term":[{"taxonomy":"category","embeddable":true,"href":"https:\/\/www.efie-erlangen.de\/WP\/wp-json\/wp\/v2\/categories?post=7497"},{"taxonomy":"post_tag","embeddable":true,"href":"https:\/\/www.efie-erlangen.de\/WP\/wp-json\/wp\/v2\/tags?post=7497"},{"taxonomy":"author","embeddable":true,"href":"https:\/\/www.efie-erlangen.de\/WP\/wp-json\/wp\/v2\/coauthors?post=7497"}],"curies":[{"name":"wp","href":"https:\/\/api.w.org\/{rel}","templated":true}]}}