{"id":7494,"date":"2025-12-09T19:30:09","date_gmt":"2025-12-09T18:30:09","guid":{"rendered":"https:\/\/www.efie-erlangen.de\/WP\/?p=7494"},"modified":"2025-12-22T21:12:37","modified_gmt":"2025-12-22T20:12:37","slug":"kostenloser-alphabetisierungskurs-in-nuernberg","status":"publish","type":"post","link":"https:\/\/www.efie-erlangen.de\/WP\/2025\/12\/kostenloser-alphabetisierungskurs-in-nuernberg\/","title":{"rendered":"Kostenloser Alphabetisierungskurs in N\u00fcrnberg"},"content":{"rendered":"\n<p>Stiftung Sozialidee mit dem Projekt &#8222;Deutsch im Koffer&#8220; bietet in N\u00fcrnberg kostenlose Alphabetisierungskurse mit Kinderbetreuung an. Es sind <strong>keine Integrationskurse <\/strong>und nur f\u00fcr Personen, die noch nicht l\u00e4nger als zwei Jahre in Deutschland sind. Teilnehmen k\u00f6nnen auch Gefl\u00fcchtete aus Erlangen.<\/p>\n\n\n\n<p>N\u00e4here Infos zu den Zeiten der Kurse findet Ihr <a href=\"https:\/\/integrationdurchbildung.nuernberg.de\/angebotsdatenbank\/detail\/show\/572?type=99\" target=\"_blank\" rel=\"noreferrer noopener\"><strong>hier<\/strong><\/a><\/p>\n","protected":false},"excerpt":{"rendered":"<p>Stiftung Sozialidee mit dem Projekt &#8222;Deutsch im Koffer&#8220; bietet in N\u00fcrnberg kostenlose Alphabetisierungskurse mit Kinderbetreuung an. Es sind keine Integrationskurse und nur f\u00fcr Personen, die noch nicht l\u00e4nger als zwei Jahre in Deutschland sind. Teilnehmen&hellip;<\/p>\n","protected":false},"author":10,"featured_media":0,"comment_status":"closed","ping_status":"closed","sticky":false,"template":"","format":"standard","meta":{"footnotes":""},"categories":[1],"tags":[],"coauthors":[45],"class_list":["post-7494","post","type-post","status-publish","format-standard","hentry","category-allgemein"],"yoast_head":"<!-- This site is optimized with the Yoast SEO plugin v27.4 - https:\/\/yoast.com\/product\/yoast-seo-wordpress\/ -->\n<title>Kostenloser Alphabetisierungskurs in N\u00fcrnberg - EFIE<\/title>\n<meta name=\"robots\" content=\"noindex, follow\" \/>\n<meta property=\"og:locale\" content=\"de_DE\" \/>\n<meta property=\"og:type\" content=\"article\" \/>\n<meta property=\"og:title\" content=\"Kostenloser Alphabetisierungskurs in N\u00fcrnberg - EFIE\" \/>\n<meta property=\"og:description\" content=\"Stiftung Sozialidee mit dem Projekt &#8222;Deutsch im Koffer&#8220; bietet in N\u00fcrnberg kostenlose Alphabetisierungskurse mit Kinderbetreuung an. Es sind keine Integrationskurse und nur f\u00fcr Personen, die noch nicht l\u00e4nger als zwei Jahre in Deutschland sind. Teilnehmen&hellip;\" \/>\n<meta property=\"og:url\" content=\"https:\/\/www.efie-erlangen.de\/WP\/2025\/12\/kostenloser-alphabetisierungskurs-in-nuernberg\/\" \/>\n<meta property=\"og:site_name\" content=\"EFIE\" \/>\n<meta property=\"article:published_time\" content=\"2025-12-09T18:30:09+00:00\" \/>\n<meta property=\"article:modified_time\" content=\"2025-12-22T20:12:37+00:00\" \/>\n<meta name=\"author\" content=\"Annette\" \/>\n<meta name=\"twitter:card\" content=\"summary_large_image\" \/>\n<meta name=\"twitter:label1\" content=\"Verfasst von\" \/>\n\t<meta name=\"twitter:data1\" content=\"Annette\" \/>\n\t<meta name=\"twitter:label2\" content=\"Gesch\u00e4tzte Lesezeit\" \/>\n\t<meta name=\"twitter:data2\" content=\"1\u00a0Minute\" \/>\n\t<meta name=\"twitter:label3\" content=\"Written by\" \/>\n\t<meta name=\"twitter:data3\" content=\"Annette\" \/>\n<script type=\"application\/ld+json\" class=\"yoast-schema-graph\">{\"@context\":\"https:\\\/\\\/schema.org\",\"@graph\":[{\"@type\":\"Article\",\"@id\":\"https:\\\/\\\/www.efie-erlangen.de\\\/WP\\\/2025\\\/12\\\/kostenloser-alphabetisierungskurs-in-nuernberg\\\/#article\",\"isPartOf\":{\"@id\":\"https:\\\/\\\/www.efie-erlangen.de\\\/WP\\\/2025\\\/12\\\/kostenloser-alphabetisierungskurs-in-nuernberg\\\/\"},\"author\":{\"name\":\"Annette\",\"@id\":\"https:\\\/\\\/www.efie-erlangen.de\\\/WP\\\/#\\\/schema\\\/person\\\/b9254eb14c39045c41adb6aacb057965\"},\"headline\":\"Kostenloser Alphabetisierungskurs in N\u00fcrnberg\",\"datePublished\":\"2025-12-09T18:30:09+00:00\",\"dateModified\":\"2025-12-22T20:12:37+00:00\",\"mainEntityOfPage\":{\"@id\":\"https:\\\/\\\/www.efie-erlangen.de\\\/WP\\\/2025\\\/12\\\/kostenloser-alphabetisierungskurs-in-nuernberg\\\/\"},\"wordCount\":61,\"inLanguage\":\"de\"},{\"@type\":\"WebPage\",\"@id\":\"https:\\\/\\\/www.efie-erlangen.de\\\/WP\\\/2025\\\/12\\\/kostenloser-alphabetisierungskurs-in-nuernberg\\\/\",\"url\":\"https:\\\/\\\/www.efie-erlangen.de\\\/WP\\\/2025\\\/12\\\/kostenloser-alphabetisierungskurs-in-nuernberg\\\/\",\"name\":\"Kostenloser Alphabetisierungskurs in N\u00fcrnberg - EFIE\",\"isPartOf\":{\"@id\":\"https:\\\/\\\/www.efie-erlangen.de\\\/WP\\\/#website\"},\"datePublished\":\"2025-12-09T18:30:09+00:00\",\"dateModified\":\"2025-12-22T20:12:37+00:00\",\"author\":{\"@id\":\"https:\\\/\\\/www.efie-erlangen.de\\\/WP\\\/#\\\/schema\\\/person\\\/b9254eb14c39045c41adb6aacb057965\"},\"breadcrumb\":{\"@id\":\"https:\\\/\\\/www.efie-erlangen.de\\\/WP\\\/2025\\\/12\\\/kostenloser-alphabetisierungskurs-in-nuernberg\\\/#breadcrumb\"},\"inLanguage\":\"de\",\"potentialAction\":[{\"@type\":\"ReadAction\",\"target\":[\"https:\\\/\\\/www.efie-erlangen.de\\\/WP\\\/2025\\\/12\\\/kostenloser-alphabetisierungskurs-in-nuernberg\\\/\"]}]},{\"@type\":\"BreadcrumbList\",\"@id\":\"https:\\\/\\\/www.efie-erlangen.de\\\/WP\\\/2025\\\/12\\\/kostenloser-alphabetisierungskurs-in-nuernberg\\\/#breadcrumb\",\"itemListElement\":[{\"@type\":\"ListItem\",\"position\":1,\"name\":\"Startseite\",\"item\":\"https:\\\/\\\/www.efie-erlangen.de\\\/WP\\\/\"},{\"@type\":\"ListItem\",\"position\":2,\"name\":\"Kostenloser Alphabetisierungskurs in N\u00fcrnberg\"}]},{\"@type\":\"WebSite\",\"@id\":\"https:\\\/\\\/www.efie-erlangen.de\\\/WP\\\/#website\",\"url\":\"https:\\\/\\\/www.efie-erlangen.de\\\/WP\\\/\",\"name\":\"EFIE\",\"description\":\"Ehrenamtliche Fl\u00fcchtlingsbetreuung in Erlangen EFIE e.V.\",\"potentialAction\":[{\"@type\":\"SearchAction\",\"target\":{\"@type\":\"EntryPoint\",\"urlTemplate\":\"https:\\\/\\\/www.efie-erlangen.de\\\/WP\\\/?s={search_term_string}\"},\"query-input\":{\"@type\":\"PropertyValueSpecification\",\"valueRequired\":true,\"valueName\":\"search_term_string\"}}],\"inLanguage\":\"de\"},{\"@type\":\"Person\",\"@id\":\"https:\\\/\\\/www.efie-erlangen.de\\\/WP\\\/#\\\/schema\\\/person\\\/b9254eb14c39045c41adb6aacb057965\",\"name\":\"Annette\",\"image\":{\"@type\":\"ImageObject\",\"inLanguage\":\"de\",\"@id\":\"https:\\\/\\\/secure.gravatar.com\\\/avatar\\\/1b45c318a2a580cde5bf04a7753b4006cc60588f7a849cda3e9fdd7b0dbc24cc?s=96&d=mm&r=g67b6d06614b24fd174e085a8dc9af36f\",\"url\":\"https:\\\/\\\/secure.gravatar.com\\\/avatar\\\/1b45c318a2a580cde5bf04a7753b4006cc60588f7a849cda3e9fdd7b0dbc24cc?s=96&d=mm&r=g\",\"contentUrl\":\"https:\\\/\\\/secure.gravatar.com\\\/avatar\\\/1b45c318a2a580cde5bf04a7753b4006cc60588f7a849cda3e9fdd7b0dbc24cc?s=96&d=mm&r=g\",\"caption\":\"Annette\"}}]}<\/script>\n<!-- \/ Yoast SEO plugin. -->","yoast_head_json":{"title":"Kostenloser Alphabetisierungskurs in N\u00fcrnberg - EFIE","robots":{"index":"noindex","follow":"follow"},"og_locale":"de_DE","og_type":"article","og_title":"Kostenloser Alphabetisierungskurs in N\u00fcrnberg - EFIE","og_description":"Stiftung Sozialidee mit dem Projekt &#8222;Deutsch im Koffer&#8220; bietet in N\u00fcrnberg kostenlose Alphabetisierungskurse mit Kinderbetreuung an. Es sind keine Integrationskurse und nur f\u00fcr Personen, die noch nicht l\u00e4nger als zwei Jahre in Deutschland sind. Teilnehmen&hellip;","og_url":"https:\/\/www.efie-erlangen.de\/WP\/2025\/12\/kostenloser-alphabetisierungskurs-in-nuernberg\/","og_site_name":"EFIE","article_published_time":"2025-12-09T18:30:09+00:00","article_modified_time":"2025-12-22T20:12:37+00:00","author":"Annette","twitter_card":"summary_large_image","twitter_misc":{"Verfasst von":"Annette","Gesch\u00e4tzte Lesezeit":"1\u00a0Minute","Written by":"Annette"},"schema":{"@context":"https:\/\/schema.org","@graph":[{"@type":"Article","@id":"https:\/\/www.efie-erlangen.de\/WP\/2025\/12\/kostenloser-alphabetisierungskurs-in-nuernberg\/#article","isPartOf":{"@id":"https:\/\/www.efie-erlangen.de\/WP\/2025\/12\/kostenloser-alphabetisierungskurs-in-nuernberg\/"},"author":{"name":"Annette","@id":"https:\/\/www.efie-erlangen.de\/WP\/#\/schema\/person\/b9254eb14c39045c41adb6aacb057965"},"headline":"Kostenloser Alphabetisierungskurs in N\u00fcrnberg","datePublished":"2025-12-09T18:30:09+00:00","dateModified":"2025-12-22T20:12:37+00:00","mainEntityOfPage":{"@id":"https:\/\/www.efie-erlangen.de\/WP\/2025\/12\/kostenloser-alphabetisierungskurs-in-nuernberg\/"},"wordCount":61,"inLanguage":"de"},{"@type":"WebPage","@id":"https:\/\/www.efie-erlangen.de\/WP\/2025\/12\/kostenloser-alphabetisierungskurs-in-nuernberg\/","url":"https:\/\/www.efie-erlangen.de\/WP\/2025\/12\/kostenloser-alphabetisierungskurs-in-nuernberg\/","name":"Kostenloser Alphabetisierungskurs in N\u00fcrnberg - EFIE","isPartOf":{"@id":"https:\/\/www.efie-erlangen.de\/WP\/#website"},"datePublished":"2025-12-09T18:30:09+00:00","dateModified":"2025-12-22T20:12:37+00:00","author":{"@id":"https:\/\/www.efie-erlangen.de\/WP\/#\/schema\/person\/b9254eb14c39045c41adb6aacb057965"},"breadcrumb":{"@id":"https:\/\/www.efie-erlangen.de\/WP\/2025\/12\/kostenloser-alphabetisierungskurs-in-nuernberg\/#breadcrumb"},"inLanguage":"de","potentialAction":[{"@type":"ReadAction","target":["https:\/\/www.efie-erlangen.de\/WP\/2025\/12\/kostenloser-alphabetisierungskurs-in-nuernberg\/"]}]},{"@type":"BreadcrumbList","@id":"https:\/\/www.efie-erlangen.de\/WP\/2025\/12\/kostenloser-alphabetisierungskurs-in-nuernberg\/#breadcrumb","itemListElement":[{"@type":"ListItem","position":1,"name":"Startseite","item":"https:\/\/www.efie-erlangen.de\/WP\/"},{"@type":"ListItem","position":2,"name":"Kostenloser Alphabetisierungskurs in N\u00fcrnberg"}]},{"@type":"WebSite","@id":"https:\/\/www.efie-erlangen.de\/WP\/#website","url":"https:\/\/www.efie-erlangen.de\/WP\/","name":"EFIE","description":"Ehrenamtliche Fl\u00fcchtlingsbetreuung in Erlangen EFIE e.V.","potentialAction":[{"@type":"SearchAction","target":{"@type":"EntryPoint","urlTemplate":"https:\/\/www.efie-erlangen.de\/WP\/?s={search_term_string}"},"query-input":{"@type":"PropertyValueSpecification","valueRequired":true,"valueName":"search_term_string"}}],"inLanguage":"de"},{"@type":"Person","@id":"https:\/\/www.efie-erlangen.de\/WP\/#\/schema\/person\/b9254eb14c39045c41adb6aacb057965","name":"Annette","image":{"@type":"ImageObject","inLanguage":"de","@id":"https:\/\/secure.gravatar.com\/avatar\/1b45c318a2a580cde5bf04a7753b4006cc60588f7a849cda3e9fdd7b0dbc24cc?s=96&d=mm&r=g67b6d06614b24fd174e085a8dc9af36f","url":"https:\/\/secure.gravatar.com\/avatar\/1b45c318a2a580cde5bf04a7753b4006cc60588f7a849cda3e9fdd7b0dbc24cc?s=96&d=mm&r=g","contentUrl":"https:\/\/secure.gravatar.com\/avatar\/1b45c318a2a580cde5bf04a7753b4006cc60588f7a849cda3e9fdd7b0dbc24cc?s=96&d=mm&r=g","caption":"Annette"}}]}},"_links":{"self":[{"href":"https:\/\/www.efie-erlangen.de\/WP\/wp-json\/wp\/v2\/posts\/7494","targetHints":{"allow":["GET"]}}],"collection":[{"href":"https:\/\/www.efie-erlangen.de\/WP\/wp-json\/wp\/v2\/posts"}],"about":[{"href":"https:\/\/www.efie-erlangen.de\/WP\/wp-json\/wp\/v2\/types\/post"}],"author":[{"embeddable":true,"href":"https:\/\/www.efie-erlangen.de\/WP\/wp-json\/wp\/v2\/users\/10"}],"replies":[{"embeddable":true,"href":"https:\/\/www.efie-erlangen.de\/WP\/wp-json\/wp\/v2\/comments?post=7494"}],"version-history":[{"count":1,"href":"https:\/\/www.efie-erlangen.de\/WP\/wp-json\/wp\/v2\/posts\/7494\/revisions"}],"predecessor-version":[{"id":7495,"href":"https:\/\/www.efie-erlangen.de\/WP\/wp-json\/wp\/v2\/posts\/7494\/revisions\/7495"}],"wp:attachment":[{"href":"https:\/\/www.efie-erlangen.de\/WP\/wp-json\/wp\/v2\/media?parent=7494"}],"wp:term":[{"taxonomy":"category","embeddable":true,"href":"https:\/\/www.efie-erlangen.de\/WP\/wp-json\/wp\/v2\/categories?post=7494"},{"taxonomy":"post_tag","embeddable":true,"href":"https:\/\/www.efie-erlangen.de\/WP\/wp-json\/wp\/v2\/tags?post=7494"},{"taxonomy":"author","embeddable":true,"href":"https:\/\/www.efie-erlangen.de\/WP\/wp-json\/wp\/v2\/coauthors?post=7494"}],"curies":[{"name":"wp","href":"https:\/\/api.w.org\/{rel}","templated":true}]}}