{"id":7489,"date":"2025-12-09T19:29:03","date_gmt":"2025-12-09T18:29:03","guid":{"rendered":"https:\/\/www.efie-erlangen.de\/WP\/?p=7489"},"modified":"2025-12-22T21:12:47","modified_gmt":"2025-12-22T20:12:47","slug":"31-januar-online-workshop-resilienz-fuer-ehrenamtliche","status":"publish","type":"post","link":"https:\/\/www.efie-erlangen.de\/WP\/2025\/12\/31-januar-online-workshop-resilienz-fuer-ehrenamtliche\/","title":{"rendered":"31. Januar: Online-Workshop Resilienz f\u00fcr Ehrenamtliche"},"content":{"rendered":"\n<p>Wie gehen wir Ehrenamtlichen mit schwierigen Situationen um, ohne uns zu \u00fcberfordern? Dieser Online-Workshop will Handlungskonzepte zur St\u00e4rkung des seelischen Immunsystems erarbeiten.<\/p>\n\n\n\n<p>Anmeldung unter <a href=\"http:\/\/www.vhs-adelsdorf.de\" target=\"_blank\" rel=\"noreferrer noopener\">www.vhs-adelsdorf.de<\/a><\/p>\n\n\n\n<p><\/p>\n\n\n\n<div data-wp-interactive=\"core\/file\" class=\"wp-block-file\"><object data-wp-bind--hidden=\"!state.hasPdfPreview\" hidden class=\"wp-block-file__embed\" data=\"https:\/\/www.efie-erlangen.de\/WP\/wp-content\/uploads\/2025\/12\/Resilienz-Das-seelische-Immunsystem-staerken.pdf\" type=\"application\/pdf\" style=\"width:100%;height:600px\" aria-label=\"Einbettung von Resilienz - Das seelische Immunsystem sta\u0308rken.\"><\/object><a id=\"wp-block-file--media-c5141e9f-754a-4359-9623-1a52354c231a\" href=\"https:\/\/www.efie-erlangen.de\/WP\/wp-content\/uploads\/2025\/12\/Resilienz-Das-seelische-Immunsystem-staerken.pdf\">Resilienz &#8211; Das seelische Immunsystem sta\u0308rken<\/a><a href=\"https:\/\/www.efie-erlangen.de\/WP\/wp-content\/uploads\/2025\/12\/Resilienz-Das-seelische-Immunsystem-staerken.pdf\" class=\"wp-block-file__button wp-element-button\" download aria-describedby=\"wp-block-file--media-c5141e9f-754a-4359-9623-1a52354c231a\">Herunterladen<\/a><\/div>\n","protected":false},"excerpt":{"rendered":"<p>Wie gehen wir Ehrenamtlichen mit schwierigen Situationen um, ohne uns zu \u00fcberfordern? Dieser Online-Workshop will Handlungskonzepte zur St\u00e4rkung des seelischen Immunsystems erarbeiten. Anmeldung unter www.vhs-adelsdorf.de<\/p>\n","protected":false},"author":10,"featured_media":0,"comment_status":"closed","ping_status":"closed","sticky":false,"template":"","format":"standard","meta":{"footnotes":""},"categories":[1],"tags":[],"coauthors":[45],"class_list":["post-7489","post","type-post","status-publish","format-standard","hentry","category-allgemein"],"yoast_head":"<!-- This site is optimized with the Yoast SEO plugin v27.4 - https:\/\/yoast.com\/product\/yoast-seo-wordpress\/ -->\n<title>31. Januar: Online-Workshop Resilienz f\u00fcr Ehrenamtliche - EFIE<\/title>\n<meta name=\"robots\" content=\"noindex, follow\" \/>\n<meta property=\"og:locale\" content=\"de_DE\" \/>\n<meta property=\"og:type\" content=\"article\" \/>\n<meta property=\"og:title\" content=\"31. Januar: Online-Workshop Resilienz f\u00fcr Ehrenamtliche - EFIE\" \/>\n<meta property=\"og:description\" content=\"Wie gehen wir Ehrenamtlichen mit schwierigen Situationen um, ohne uns zu \u00fcberfordern? Dieser Online-Workshop will Handlungskonzepte zur St\u00e4rkung des seelischen Immunsystems erarbeiten. Anmeldung unter www.vhs-adelsdorf.de\" \/>\n<meta property=\"og:url\" content=\"https:\/\/www.efie-erlangen.de\/WP\/2025\/12\/31-januar-online-workshop-resilienz-fuer-ehrenamtliche\/\" \/>\n<meta property=\"og:site_name\" content=\"EFIE\" \/>\n<meta property=\"article:published_time\" content=\"2025-12-09T18:29:03+00:00\" \/>\n<meta property=\"article:modified_time\" content=\"2025-12-22T20:12:47+00:00\" \/>\n<meta name=\"author\" content=\"Annette\" \/>\n<meta name=\"twitter:card\" content=\"summary_large_image\" \/>\n<meta name=\"twitter:label1\" content=\"Verfasst von\" \/>\n\t<meta name=\"twitter:data1\" content=\"Annette\" \/>\n\t<meta name=\"twitter:label2\" content=\"Gesch\u00e4tzte Lesezeit\" \/>\n\t<meta name=\"twitter:data2\" content=\"1\u00a0Minute\" \/>\n\t<meta name=\"twitter:label3\" content=\"Written by\" \/>\n\t<meta name=\"twitter:data3\" content=\"Annette\" \/>\n<script type=\"application\/ld+json\" class=\"yoast-schema-graph\">{\"@context\":\"https:\\\/\\\/schema.org\",\"@graph\":[{\"@type\":\"Article\",\"@id\":\"https:\\\/\\\/www.efie-erlangen.de\\\/WP\\\/2025\\\/12\\\/31-januar-online-workshop-resilienz-fuer-ehrenamtliche\\\/#article\",\"isPartOf\":{\"@id\":\"https:\\\/\\\/www.efie-erlangen.de\\\/WP\\\/2025\\\/12\\\/31-januar-online-workshop-resilienz-fuer-ehrenamtliche\\\/\"},\"author\":{\"name\":\"Annette\",\"@id\":\"https:\\\/\\\/www.efie-erlangen.de\\\/WP\\\/#\\\/schema\\\/person\\\/b9254eb14c39045c41adb6aacb057965\"},\"headline\":\"31. Januar: Online-Workshop Resilienz f\u00fcr Ehrenamtliche\",\"datePublished\":\"2025-12-09T18:29:03+00:00\",\"dateModified\":\"2025-12-22T20:12:47+00:00\",\"mainEntityOfPage\":{\"@id\":\"https:\\\/\\\/www.efie-erlangen.de\\\/WP\\\/2025\\\/12\\\/31-januar-online-workshop-resilienz-fuer-ehrenamtliche\\\/\"},\"wordCount\":42,\"inLanguage\":\"de\"},{\"@type\":\"WebPage\",\"@id\":\"https:\\\/\\\/www.efie-erlangen.de\\\/WP\\\/2025\\\/12\\\/31-januar-online-workshop-resilienz-fuer-ehrenamtliche\\\/\",\"url\":\"https:\\\/\\\/www.efie-erlangen.de\\\/WP\\\/2025\\\/12\\\/31-januar-online-workshop-resilienz-fuer-ehrenamtliche\\\/\",\"name\":\"31. Januar: Online-Workshop Resilienz f\u00fcr Ehrenamtliche - EFIE\",\"isPartOf\":{\"@id\":\"https:\\\/\\\/www.efie-erlangen.de\\\/WP\\\/#website\"},\"datePublished\":\"2025-12-09T18:29:03+00:00\",\"dateModified\":\"2025-12-22T20:12:47+00:00\",\"author\":{\"@id\":\"https:\\\/\\\/www.efie-erlangen.de\\\/WP\\\/#\\\/schema\\\/person\\\/b9254eb14c39045c41adb6aacb057965\"},\"breadcrumb\":{\"@id\":\"https:\\\/\\\/www.efie-erlangen.de\\\/WP\\\/2025\\\/12\\\/31-januar-online-workshop-resilienz-fuer-ehrenamtliche\\\/#breadcrumb\"},\"inLanguage\":\"de\",\"potentialAction\":[{\"@type\":\"ReadAction\",\"target\":[\"https:\\\/\\\/www.efie-erlangen.de\\\/WP\\\/2025\\\/12\\\/31-januar-online-workshop-resilienz-fuer-ehrenamtliche\\\/\"]}]},{\"@type\":\"BreadcrumbList\",\"@id\":\"https:\\\/\\\/www.efie-erlangen.de\\\/WP\\\/2025\\\/12\\\/31-januar-online-workshop-resilienz-fuer-ehrenamtliche\\\/#breadcrumb\",\"itemListElement\":[{\"@type\":\"ListItem\",\"position\":1,\"name\":\"Startseite\",\"item\":\"https:\\\/\\\/www.efie-erlangen.de\\\/WP\\\/\"},{\"@type\":\"ListItem\",\"position\":2,\"name\":\"31. Januar: Online-Workshop Resilienz f\u00fcr Ehrenamtliche\"}]},{\"@type\":\"WebSite\",\"@id\":\"https:\\\/\\\/www.efie-erlangen.de\\\/WP\\\/#website\",\"url\":\"https:\\\/\\\/www.efie-erlangen.de\\\/WP\\\/\",\"name\":\"EFIE\",\"description\":\"Ehrenamtliche Fl\u00fcchtlingsbetreuung in Erlangen EFIE e.V.\",\"potentialAction\":[{\"@type\":\"SearchAction\",\"target\":{\"@type\":\"EntryPoint\",\"urlTemplate\":\"https:\\\/\\\/www.efie-erlangen.de\\\/WP\\\/?s={search_term_string}\"},\"query-input\":{\"@type\":\"PropertyValueSpecification\",\"valueRequired\":true,\"valueName\":\"search_term_string\"}}],\"inLanguage\":\"de\"},{\"@type\":\"Person\",\"@id\":\"https:\\\/\\\/www.efie-erlangen.de\\\/WP\\\/#\\\/schema\\\/person\\\/b9254eb14c39045c41adb6aacb057965\",\"name\":\"Annette\",\"image\":{\"@type\":\"ImageObject\",\"inLanguage\":\"de\",\"@id\":\"https:\\\/\\\/secure.gravatar.com\\\/avatar\\\/1b45c318a2a580cde5bf04a7753b4006cc60588f7a849cda3e9fdd7b0dbc24cc?s=96&d=mm&r=g67b6d06614b24fd174e085a8dc9af36f\",\"url\":\"https:\\\/\\\/secure.gravatar.com\\\/avatar\\\/1b45c318a2a580cde5bf04a7753b4006cc60588f7a849cda3e9fdd7b0dbc24cc?s=96&d=mm&r=g\",\"contentUrl\":\"https:\\\/\\\/secure.gravatar.com\\\/avatar\\\/1b45c318a2a580cde5bf04a7753b4006cc60588f7a849cda3e9fdd7b0dbc24cc?s=96&d=mm&r=g\",\"caption\":\"Annette\"}}]}<\/script>\n<!-- \/ Yoast SEO plugin. -->","yoast_head_json":{"title":"31. Januar: Online-Workshop Resilienz f\u00fcr Ehrenamtliche - EFIE","robots":{"index":"noindex","follow":"follow"},"og_locale":"de_DE","og_type":"article","og_title":"31. Januar: Online-Workshop Resilienz f\u00fcr Ehrenamtliche - EFIE","og_description":"Wie gehen wir Ehrenamtlichen mit schwierigen Situationen um, ohne uns zu \u00fcberfordern? Dieser Online-Workshop will Handlungskonzepte zur St\u00e4rkung des seelischen Immunsystems erarbeiten. Anmeldung unter www.vhs-adelsdorf.de","og_url":"https:\/\/www.efie-erlangen.de\/WP\/2025\/12\/31-januar-online-workshop-resilienz-fuer-ehrenamtliche\/","og_site_name":"EFIE","article_published_time":"2025-12-09T18:29:03+00:00","article_modified_time":"2025-12-22T20:12:47+00:00","author":"Annette","twitter_card":"summary_large_image","twitter_misc":{"Verfasst von":"Annette","Gesch\u00e4tzte Lesezeit":"1\u00a0Minute","Written by":"Annette"},"schema":{"@context":"https:\/\/schema.org","@graph":[{"@type":"Article","@id":"https:\/\/www.efie-erlangen.de\/WP\/2025\/12\/31-januar-online-workshop-resilienz-fuer-ehrenamtliche\/#article","isPartOf":{"@id":"https:\/\/www.efie-erlangen.de\/WP\/2025\/12\/31-januar-online-workshop-resilienz-fuer-ehrenamtliche\/"},"author":{"name":"Annette","@id":"https:\/\/www.efie-erlangen.de\/WP\/#\/schema\/person\/b9254eb14c39045c41adb6aacb057965"},"headline":"31. Januar: Online-Workshop Resilienz f\u00fcr Ehrenamtliche","datePublished":"2025-12-09T18:29:03+00:00","dateModified":"2025-12-22T20:12:47+00:00","mainEntityOfPage":{"@id":"https:\/\/www.efie-erlangen.de\/WP\/2025\/12\/31-januar-online-workshop-resilienz-fuer-ehrenamtliche\/"},"wordCount":42,"inLanguage":"de"},{"@type":"WebPage","@id":"https:\/\/www.efie-erlangen.de\/WP\/2025\/12\/31-januar-online-workshop-resilienz-fuer-ehrenamtliche\/","url":"https:\/\/www.efie-erlangen.de\/WP\/2025\/12\/31-januar-online-workshop-resilienz-fuer-ehrenamtliche\/","name":"31. Januar: Online-Workshop Resilienz f\u00fcr Ehrenamtliche - EFIE","isPartOf":{"@id":"https:\/\/www.efie-erlangen.de\/WP\/#website"},"datePublished":"2025-12-09T18:29:03+00:00","dateModified":"2025-12-22T20:12:47+00:00","author":{"@id":"https:\/\/www.efie-erlangen.de\/WP\/#\/schema\/person\/b9254eb14c39045c41adb6aacb057965"},"breadcrumb":{"@id":"https:\/\/www.efie-erlangen.de\/WP\/2025\/12\/31-januar-online-workshop-resilienz-fuer-ehrenamtliche\/#breadcrumb"},"inLanguage":"de","potentialAction":[{"@type":"ReadAction","target":["https:\/\/www.efie-erlangen.de\/WP\/2025\/12\/31-januar-online-workshop-resilienz-fuer-ehrenamtliche\/"]}]},{"@type":"BreadcrumbList","@id":"https:\/\/www.efie-erlangen.de\/WP\/2025\/12\/31-januar-online-workshop-resilienz-fuer-ehrenamtliche\/#breadcrumb","itemListElement":[{"@type":"ListItem","position":1,"name":"Startseite","item":"https:\/\/www.efie-erlangen.de\/WP\/"},{"@type":"ListItem","position":2,"name":"31. Januar: Online-Workshop Resilienz f\u00fcr Ehrenamtliche"}]},{"@type":"WebSite","@id":"https:\/\/www.efie-erlangen.de\/WP\/#website","url":"https:\/\/www.efie-erlangen.de\/WP\/","name":"EFIE","description":"Ehrenamtliche Fl\u00fcchtlingsbetreuung in Erlangen EFIE e.V.","potentialAction":[{"@type":"SearchAction","target":{"@type":"EntryPoint","urlTemplate":"https:\/\/www.efie-erlangen.de\/WP\/?s={search_term_string}"},"query-input":{"@type":"PropertyValueSpecification","valueRequired":true,"valueName":"search_term_string"}}],"inLanguage":"de"},{"@type":"Person","@id":"https:\/\/www.efie-erlangen.de\/WP\/#\/schema\/person\/b9254eb14c39045c41adb6aacb057965","name":"Annette","image":{"@type":"ImageObject","inLanguage":"de","@id":"https:\/\/secure.gravatar.com\/avatar\/1b45c318a2a580cde5bf04a7753b4006cc60588f7a849cda3e9fdd7b0dbc24cc?s=96&d=mm&r=g67b6d06614b24fd174e085a8dc9af36f","url":"https:\/\/secure.gravatar.com\/avatar\/1b45c318a2a580cde5bf04a7753b4006cc60588f7a849cda3e9fdd7b0dbc24cc?s=96&d=mm&r=g","contentUrl":"https:\/\/secure.gravatar.com\/avatar\/1b45c318a2a580cde5bf04a7753b4006cc60588f7a849cda3e9fdd7b0dbc24cc?s=96&d=mm&r=g","caption":"Annette"}}]}},"_links":{"self":[{"href":"https:\/\/www.efie-erlangen.de\/WP\/wp-json\/wp\/v2\/posts\/7489","targetHints":{"allow":["GET"]}}],"collection":[{"href":"https:\/\/www.efie-erlangen.de\/WP\/wp-json\/wp\/v2\/posts"}],"about":[{"href":"https:\/\/www.efie-erlangen.de\/WP\/wp-json\/wp\/v2\/types\/post"}],"author":[{"embeddable":true,"href":"https:\/\/www.efie-erlangen.de\/WP\/wp-json\/wp\/v2\/users\/10"}],"replies":[{"embeddable":true,"href":"https:\/\/www.efie-erlangen.de\/WP\/wp-json\/wp\/v2\/comments?post=7489"}],"version-history":[{"count":1,"href":"https:\/\/www.efie-erlangen.de\/WP\/wp-json\/wp\/v2\/posts\/7489\/revisions"}],"predecessor-version":[{"id":7493,"href":"https:\/\/www.efie-erlangen.de\/WP\/wp-json\/wp\/v2\/posts\/7489\/revisions\/7493"}],"wp:attachment":[{"href":"https:\/\/www.efie-erlangen.de\/WP\/wp-json\/wp\/v2\/media?parent=7489"}],"wp:term":[{"taxonomy":"category","embeddable":true,"href":"https:\/\/www.efie-erlangen.de\/WP\/wp-json\/wp\/v2\/categories?post=7489"},{"taxonomy":"post_tag","embeddable":true,"href":"https:\/\/www.efie-erlangen.de\/WP\/wp-json\/wp\/v2\/tags?post=7489"},{"taxonomy":"author","embeddable":true,"href":"https:\/\/www.efie-erlangen.de\/WP\/wp-json\/wp\/v2\/coauthors?post=7489"}],"curies":[{"name":"wp","href":"https:\/\/api.w.org\/{rel}","templated":true}]}}