{"id":7487,"date":"2025-12-09T19:27:44","date_gmt":"2025-12-09T18:27:44","guid":{"rendered":"https:\/\/www.efie-erlangen.de\/WP\/?p=7487"},"modified":"2025-12-22T21:12:53","modified_gmt":"2025-12-22T20:12:53","slug":"informationen-zum-projekt-talentegrate-ein-projekt-von-siemens-adidas-schaeffler-und-aau-e-v","status":"publish","type":"post","link":"https:\/\/www.efie-erlangen.de\/WP\/2025\/12\/informationen-zum-projekt-talentegrate-ein-projekt-von-siemens-adidas-schaeffler-und-aau-e-v\/","title":{"rendered":"Informationen zum Projekt &#8222;Talentegrate&#8220;- ein Projekt von Siemens, adidas, Schaeffler und AAU e.V"},"content":{"rendered":"\n<p>Hiermit m\u00f6chte ich die Werbetrommel r\u00fchren f\u00fcr das <strong>Projekt \u201eTalentegrate\u201c in Herzogenaurach\/N\u00fcrnberg<\/strong>, eine Kooperation der dort ans\u00e4ssigen Unternehmen <strong>Siemens, adidas und Schaeffler<\/strong> sowie dem AAU e.V. mit dem Ziele der Integration von Akademikern mit Fluchthintergrund in den Arbeitsmarkt bei einem der drei genannten Unternehmen. <strong>Vielleicht wollen Sie die Informationen in ihrem Gefl\u00fcchteten-Netzwerk streuen:<\/strong><\/p>\n\n\n\n<p>Der Name \u201eTalentegrate\u201c steht f\u00fcr Talent &#8211; Integration &#8211; Network.<\/p>\n\n\n\n<p>Angeboten wird ein Rotationspraktikum und verschiedene Workshops. Das Programm hat sich zum Ziel gesetzt, f\u00fcr Gefl\u00fcchtete Menschen mit akademischem Background (Bachelor und\/oder Masterabschluss und ggf. erster fachspezifischer Berufserfahrung) die Br\u00fccke in den deutschen Arbeitsmarkt zu bauen.<\/p>\n\n\n\n<p>Damit werden zwei gro\u00dfe aktuelle Themen verbunden: die Fachkr\u00e4ftegewinnung sowie die Unterst\u00fctzung der Integration von Gefl\u00fcchteten in Deutschland.<\/p>\n\n\n\n<p>W\u00e4hrend des Rotationspraktikums durchlaufen die Teilnehmenden in insgesamt 18 Monaten jeweils ein Praktikum in den drei Unternehmen. Das Praktikum ist verg\u00fctet und m\u00fcndet bestenfalls (evtl. bereits fr\u00fcher) in eine Anstellung bei Siemens, Schaeffler oder adidas.<\/p>\n\n\n\n<p>Weitere Informationen zur Teilnahme sind unter folgendem Link zu finden: <a href=\"https:\/\/www.aauev.de\/projekte\/talentegrate\/\" target=\"_blank\" rel=\"noreferrer noopener\">Talentegrate \u2013 AAU e.V.<\/a><\/p>\n\n\n\n<p><strong>Eine Info -Veranstaltung Online via Zoom findet am Mittwoch, 10.12.2025 um 16:00 Uhr statt.<\/strong><\/p>\n\n\n\n<p><strong>Einwahl \u00fcber folgenden <\/strong>&nbsp;<strong>Link:&nbsp;<a href=\"https:\/\/fau.zoom-x.de\/j\/64916509335\" target=\"_blank\" rel=\"noreferrer noopener\">https:\/\/fau.zoom-x.de\/j\/64916509335<\/a><\/strong><\/p>\n\n\n\n<p>Mit freundlichen Gr\u00fc\u00dfen,<\/p>\n\n\n\n<p>Jutta Feigl<\/p>\n\n\n\n<p>Projektkoordination Integration von Gefl\u00fcchteten \u2013 Taskforce FKS+<\/p>\n\n\n\n<p>Fachkr\u00e4ftesicherung in Bayern<\/p>\n","protected":false},"excerpt":{"rendered":"<p>Hiermit m\u00f6chte ich die Werbetrommel r\u00fchren f\u00fcr das Projekt \u201eTalentegrate\u201c in Herzogenaurach\/N\u00fcrnberg, eine Kooperation der dort ans\u00e4ssigen Unternehmen Siemens, adidas und Schaeffler sowie dem AAU e.V. mit dem Ziele der Integration von Akademikern mit Fluchthintergrund&hellip;<\/p>\n","protected":false},"author":10,"featured_media":0,"comment_status":"closed","ping_status":"closed","sticky":false,"template":"","format":"standard","meta":{"footnotes":""},"categories":[1],"tags":[],"coauthors":[45],"class_list":["post-7487","post","type-post","status-publish","format-standard","hentry","category-allgemein"],"yoast_head":"<!-- This site is optimized with the Yoast SEO plugin v27.4 - https:\/\/yoast.com\/product\/yoast-seo-wordpress\/ -->\n<title>Informationen zum Projekt &quot;Talentegrate&quot;- ein Projekt von Siemens, adidas, Schaeffler und AAU e.V - EFIE<\/title>\n<meta name=\"robots\" content=\"noindex, follow\" \/>\n<meta property=\"og:locale\" content=\"de_DE\" \/>\n<meta property=\"og:type\" content=\"article\" \/>\n<meta property=\"og:title\" content=\"Informationen zum Projekt &quot;Talentegrate&quot;- ein Projekt von Siemens, adidas, Schaeffler und AAU e.V - EFIE\" \/>\n<meta property=\"og:description\" content=\"Hiermit m\u00f6chte ich die Werbetrommel r\u00fchren f\u00fcr das Projekt \u201eTalentegrate\u201c in Herzogenaurach\/N\u00fcrnberg, eine Kooperation der dort ans\u00e4ssigen Unternehmen Siemens, adidas und Schaeffler sowie dem AAU e.V. mit dem Ziele der Integration von Akademikern mit Fluchthintergrund&hellip;\" \/>\n<meta property=\"og:url\" content=\"https:\/\/www.efie-erlangen.de\/WP\/2025\/12\/informationen-zum-projekt-talentegrate-ein-projekt-von-siemens-adidas-schaeffler-und-aau-e-v\/\" \/>\n<meta property=\"og:site_name\" content=\"EFIE\" \/>\n<meta property=\"article:published_time\" content=\"2025-12-09T18:27:44+00:00\" \/>\n<meta property=\"article:modified_time\" content=\"2025-12-22T20:12:53+00:00\" \/>\n<meta name=\"author\" content=\"Annette\" \/>\n<meta name=\"twitter:card\" content=\"summary_large_image\" \/>\n<meta name=\"twitter:label1\" content=\"Verfasst von\" \/>\n\t<meta name=\"twitter:data1\" content=\"Annette\" \/>\n\t<meta name=\"twitter:label2\" content=\"Gesch\u00e4tzte Lesezeit\" \/>\n\t<meta name=\"twitter:data2\" content=\"2\u00a0Minuten\" \/>\n\t<meta name=\"twitter:label3\" content=\"Written by\" \/>\n\t<meta name=\"twitter:data3\" content=\"Annette\" \/>\n<script type=\"application\/ld+json\" class=\"yoast-schema-graph\">{\"@context\":\"https:\\\/\\\/schema.org\",\"@graph\":[{\"@type\":\"Article\",\"@id\":\"https:\\\/\\\/www.efie-erlangen.de\\\/WP\\\/2025\\\/12\\\/informationen-zum-projekt-talentegrate-ein-projekt-von-siemens-adidas-schaeffler-und-aau-e-v\\\/#article\",\"isPartOf\":{\"@id\":\"https:\\\/\\\/www.efie-erlangen.de\\\/WP\\\/2025\\\/12\\\/informationen-zum-projekt-talentegrate-ein-projekt-von-siemens-adidas-schaeffler-und-aau-e-v\\\/\"},\"author\":{\"name\":\"Annette\",\"@id\":\"https:\\\/\\\/www.efie-erlangen.de\\\/WP\\\/#\\\/schema\\\/person\\\/b9254eb14c39045c41adb6aacb057965\"},\"headline\":\"Informationen zum Projekt &#8222;Talentegrate&#8220;- ein Projekt von Siemens, adidas, Schaeffler und AAU e.V\",\"datePublished\":\"2025-12-09T18:27:44+00:00\",\"dateModified\":\"2025-12-22T20:12:53+00:00\",\"mainEntityOfPage\":{\"@id\":\"https:\\\/\\\/www.efie-erlangen.de\\\/WP\\\/2025\\\/12\\\/informationen-zum-projekt-talentegrate-ein-projekt-von-siemens-adidas-schaeffler-und-aau-e-v\\\/\"},\"wordCount\":241,\"inLanguage\":\"de\"},{\"@type\":\"WebPage\",\"@id\":\"https:\\\/\\\/www.efie-erlangen.de\\\/WP\\\/2025\\\/12\\\/informationen-zum-projekt-talentegrate-ein-projekt-von-siemens-adidas-schaeffler-und-aau-e-v\\\/\",\"url\":\"https:\\\/\\\/www.efie-erlangen.de\\\/WP\\\/2025\\\/12\\\/informationen-zum-projekt-talentegrate-ein-projekt-von-siemens-adidas-schaeffler-und-aau-e-v\\\/\",\"name\":\"Informationen zum Projekt \\\"Talentegrate\\\"- ein Projekt von Siemens, adidas, Schaeffler und AAU e.V - EFIE\",\"isPartOf\":{\"@id\":\"https:\\\/\\\/www.efie-erlangen.de\\\/WP\\\/#website\"},\"datePublished\":\"2025-12-09T18:27:44+00:00\",\"dateModified\":\"2025-12-22T20:12:53+00:00\",\"author\":{\"@id\":\"https:\\\/\\\/www.efie-erlangen.de\\\/WP\\\/#\\\/schema\\\/person\\\/b9254eb14c39045c41adb6aacb057965\"},\"breadcrumb\":{\"@id\":\"https:\\\/\\\/www.efie-erlangen.de\\\/WP\\\/2025\\\/12\\\/informationen-zum-projekt-talentegrate-ein-projekt-von-siemens-adidas-schaeffler-und-aau-e-v\\\/#breadcrumb\"},\"inLanguage\":\"de\",\"potentialAction\":[{\"@type\":\"ReadAction\",\"target\":[\"https:\\\/\\\/www.efie-erlangen.de\\\/WP\\\/2025\\\/12\\\/informationen-zum-projekt-talentegrate-ein-projekt-von-siemens-adidas-schaeffler-und-aau-e-v\\\/\"]}]},{\"@type\":\"BreadcrumbList\",\"@id\":\"https:\\\/\\\/www.efie-erlangen.de\\\/WP\\\/2025\\\/12\\\/informationen-zum-projekt-talentegrate-ein-projekt-von-siemens-adidas-schaeffler-und-aau-e-v\\\/#breadcrumb\",\"itemListElement\":[{\"@type\":\"ListItem\",\"position\":1,\"name\":\"Startseite\",\"item\":\"https:\\\/\\\/www.efie-erlangen.de\\\/WP\\\/\"},{\"@type\":\"ListItem\",\"position\":2,\"name\":\"Informationen zum Projekt &#8222;Talentegrate&#8220;- ein Projekt von Siemens, adidas, Schaeffler und AAU e.V\"}]},{\"@type\":\"WebSite\",\"@id\":\"https:\\\/\\\/www.efie-erlangen.de\\\/WP\\\/#website\",\"url\":\"https:\\\/\\\/www.efie-erlangen.de\\\/WP\\\/\",\"name\":\"EFIE\",\"description\":\"Ehrenamtliche Fl\u00fcchtlingsbetreuung in Erlangen EFIE e.V.\",\"potentialAction\":[{\"@type\":\"SearchAction\",\"target\":{\"@type\":\"EntryPoint\",\"urlTemplate\":\"https:\\\/\\\/www.efie-erlangen.de\\\/WP\\\/?s={search_term_string}\"},\"query-input\":{\"@type\":\"PropertyValueSpecification\",\"valueRequired\":true,\"valueName\":\"search_term_string\"}}],\"inLanguage\":\"de\"},{\"@type\":\"Person\",\"@id\":\"https:\\\/\\\/www.efie-erlangen.de\\\/WP\\\/#\\\/schema\\\/person\\\/b9254eb14c39045c41adb6aacb057965\",\"name\":\"Annette\",\"image\":{\"@type\":\"ImageObject\",\"inLanguage\":\"de\",\"@id\":\"https:\\\/\\\/secure.gravatar.com\\\/avatar\\\/1b45c318a2a580cde5bf04a7753b4006cc60588f7a849cda3e9fdd7b0dbc24cc?s=96&d=mm&r=g67b6d06614b24fd174e085a8dc9af36f\",\"url\":\"https:\\\/\\\/secure.gravatar.com\\\/avatar\\\/1b45c318a2a580cde5bf04a7753b4006cc60588f7a849cda3e9fdd7b0dbc24cc?s=96&d=mm&r=g\",\"contentUrl\":\"https:\\\/\\\/secure.gravatar.com\\\/avatar\\\/1b45c318a2a580cde5bf04a7753b4006cc60588f7a849cda3e9fdd7b0dbc24cc?s=96&d=mm&r=g\",\"caption\":\"Annette\"}}]}<\/script>\n<!-- \/ Yoast SEO plugin. -->","yoast_head_json":{"title":"Informationen zum Projekt \"Talentegrate\"- ein Projekt von Siemens, adidas, Schaeffler und AAU e.V - EFIE","robots":{"index":"noindex","follow":"follow"},"og_locale":"de_DE","og_type":"article","og_title":"Informationen zum Projekt \"Talentegrate\"- ein Projekt von Siemens, adidas, Schaeffler und AAU e.V - EFIE","og_description":"Hiermit m\u00f6chte ich die Werbetrommel r\u00fchren f\u00fcr das Projekt \u201eTalentegrate\u201c in Herzogenaurach\/N\u00fcrnberg, eine Kooperation der dort ans\u00e4ssigen Unternehmen Siemens, adidas und Schaeffler sowie dem AAU e.V. mit dem Ziele der Integration von Akademikern mit Fluchthintergrund&hellip;","og_url":"https:\/\/www.efie-erlangen.de\/WP\/2025\/12\/informationen-zum-projekt-talentegrate-ein-projekt-von-siemens-adidas-schaeffler-und-aau-e-v\/","og_site_name":"EFIE","article_published_time":"2025-12-09T18:27:44+00:00","article_modified_time":"2025-12-22T20:12:53+00:00","author":"Annette","twitter_card":"summary_large_image","twitter_misc":{"Verfasst von":"Annette","Gesch\u00e4tzte Lesezeit":"2\u00a0Minuten","Written by":"Annette"},"schema":{"@context":"https:\/\/schema.org","@graph":[{"@type":"Article","@id":"https:\/\/www.efie-erlangen.de\/WP\/2025\/12\/informationen-zum-projekt-talentegrate-ein-projekt-von-siemens-adidas-schaeffler-und-aau-e-v\/#article","isPartOf":{"@id":"https:\/\/www.efie-erlangen.de\/WP\/2025\/12\/informationen-zum-projekt-talentegrate-ein-projekt-von-siemens-adidas-schaeffler-und-aau-e-v\/"},"author":{"name":"Annette","@id":"https:\/\/www.efie-erlangen.de\/WP\/#\/schema\/person\/b9254eb14c39045c41adb6aacb057965"},"headline":"Informationen zum Projekt &#8222;Talentegrate&#8220;- ein Projekt von Siemens, adidas, Schaeffler und AAU e.V","datePublished":"2025-12-09T18:27:44+00:00","dateModified":"2025-12-22T20:12:53+00:00","mainEntityOfPage":{"@id":"https:\/\/www.efie-erlangen.de\/WP\/2025\/12\/informationen-zum-projekt-talentegrate-ein-projekt-von-siemens-adidas-schaeffler-und-aau-e-v\/"},"wordCount":241,"inLanguage":"de"},{"@type":"WebPage","@id":"https:\/\/www.efie-erlangen.de\/WP\/2025\/12\/informationen-zum-projekt-talentegrate-ein-projekt-von-siemens-adidas-schaeffler-und-aau-e-v\/","url":"https:\/\/www.efie-erlangen.de\/WP\/2025\/12\/informationen-zum-projekt-talentegrate-ein-projekt-von-siemens-adidas-schaeffler-und-aau-e-v\/","name":"Informationen zum Projekt \"Talentegrate\"- ein Projekt von Siemens, adidas, Schaeffler und AAU e.V - EFIE","isPartOf":{"@id":"https:\/\/www.efie-erlangen.de\/WP\/#website"},"datePublished":"2025-12-09T18:27:44+00:00","dateModified":"2025-12-22T20:12:53+00:00","author":{"@id":"https:\/\/www.efie-erlangen.de\/WP\/#\/schema\/person\/b9254eb14c39045c41adb6aacb057965"},"breadcrumb":{"@id":"https:\/\/www.efie-erlangen.de\/WP\/2025\/12\/informationen-zum-projekt-talentegrate-ein-projekt-von-siemens-adidas-schaeffler-und-aau-e-v\/#breadcrumb"},"inLanguage":"de","potentialAction":[{"@type":"ReadAction","target":["https:\/\/www.efie-erlangen.de\/WP\/2025\/12\/informationen-zum-projekt-talentegrate-ein-projekt-von-siemens-adidas-schaeffler-und-aau-e-v\/"]}]},{"@type":"BreadcrumbList","@id":"https:\/\/www.efie-erlangen.de\/WP\/2025\/12\/informationen-zum-projekt-talentegrate-ein-projekt-von-siemens-adidas-schaeffler-und-aau-e-v\/#breadcrumb","itemListElement":[{"@type":"ListItem","position":1,"name":"Startseite","item":"https:\/\/www.efie-erlangen.de\/WP\/"},{"@type":"ListItem","position":2,"name":"Informationen zum Projekt &#8222;Talentegrate&#8220;- ein Projekt von Siemens, adidas, Schaeffler und AAU e.V"}]},{"@type":"WebSite","@id":"https:\/\/www.efie-erlangen.de\/WP\/#website","url":"https:\/\/www.efie-erlangen.de\/WP\/","name":"EFIE","description":"Ehrenamtliche Fl\u00fcchtlingsbetreuung in Erlangen EFIE e.V.","potentialAction":[{"@type":"SearchAction","target":{"@type":"EntryPoint","urlTemplate":"https:\/\/www.efie-erlangen.de\/WP\/?s={search_term_string}"},"query-input":{"@type":"PropertyValueSpecification","valueRequired":true,"valueName":"search_term_string"}}],"inLanguage":"de"},{"@type":"Person","@id":"https:\/\/www.efie-erlangen.de\/WP\/#\/schema\/person\/b9254eb14c39045c41adb6aacb057965","name":"Annette","image":{"@type":"ImageObject","inLanguage":"de","@id":"https:\/\/secure.gravatar.com\/avatar\/1b45c318a2a580cde5bf04a7753b4006cc60588f7a849cda3e9fdd7b0dbc24cc?s=96&d=mm&r=g67b6d06614b24fd174e085a8dc9af36f","url":"https:\/\/secure.gravatar.com\/avatar\/1b45c318a2a580cde5bf04a7753b4006cc60588f7a849cda3e9fdd7b0dbc24cc?s=96&d=mm&r=g","contentUrl":"https:\/\/secure.gravatar.com\/avatar\/1b45c318a2a580cde5bf04a7753b4006cc60588f7a849cda3e9fdd7b0dbc24cc?s=96&d=mm&r=g","caption":"Annette"}}]}},"_links":{"self":[{"href":"https:\/\/www.efie-erlangen.de\/WP\/wp-json\/wp\/v2\/posts\/7487","targetHints":{"allow":["GET"]}}],"collection":[{"href":"https:\/\/www.efie-erlangen.de\/WP\/wp-json\/wp\/v2\/posts"}],"about":[{"href":"https:\/\/www.efie-erlangen.de\/WP\/wp-json\/wp\/v2\/types\/post"}],"author":[{"embeddable":true,"href":"https:\/\/www.efie-erlangen.de\/WP\/wp-json\/wp\/v2\/users\/10"}],"replies":[{"embeddable":true,"href":"https:\/\/www.efie-erlangen.de\/WP\/wp-json\/wp\/v2\/comments?post=7487"}],"version-history":[{"count":1,"href":"https:\/\/www.efie-erlangen.de\/WP\/wp-json\/wp\/v2\/posts\/7487\/revisions"}],"predecessor-version":[{"id":7488,"href":"https:\/\/www.efie-erlangen.de\/WP\/wp-json\/wp\/v2\/posts\/7487\/revisions\/7488"}],"wp:attachment":[{"href":"https:\/\/www.efie-erlangen.de\/WP\/wp-json\/wp\/v2\/media?parent=7487"}],"wp:term":[{"taxonomy":"category","embeddable":true,"href":"https:\/\/www.efie-erlangen.de\/WP\/wp-json\/wp\/v2\/categories?post=7487"},{"taxonomy":"post_tag","embeddable":true,"href":"https:\/\/www.efie-erlangen.de\/WP\/wp-json\/wp\/v2\/tags?post=7487"},{"taxonomy":"author","embeddable":true,"href":"https:\/\/www.efie-erlangen.de\/WP\/wp-json\/wp\/v2\/coauthors?post=7487"}],"curies":[{"name":"wp","href":"https:\/\/api.w.org\/{rel}","templated":true}]}}