{"id":7471,"date":"2025-12-02T17:49:39","date_gmt":"2025-12-02T16:49:39","guid":{"rendered":"https:\/\/www.efie-erlangen.de\/WP\/?p=7471"},"modified":"2025-12-09T19:24:37","modified_gmt":"2025-12-09T18:24:37","slug":"frau-mit-tuerkischen-sprachkenntnissen-gesucht","status":"publish","type":"post","link":"https:\/\/www.efie-erlangen.de\/WP\/2025\/12\/frau-mit-tuerkischen-sprachkenntnissen-gesucht\/","title":{"rendered":"Frau mit t\u00fcrkischen Sprachkenntnissen gesucht"},"content":{"rendered":"\n<p>F\u00fcr eine t\u00fcrkische Mutter hier in Erlangen, die zur Zeit sowohl, was die privaten Verh\u00e4ltnisse, als auch wegen ungesichertem Aufenthalt in einer sehr schwierigen Situation ist, suchen wir eine Frau, die ebenfalls t\u00fcrkisch spricht und mit der Mutter einfach mal reden und ihr zuh\u00f6ren kann. Das wird die Probleme der Mutter zwar nicht l\u00f6sen, aber die Sorgen mit jemandem besprechen k\u00f6nnen, ist oft schon sehr hilfreich.<br><\/p>\n","protected":false},"excerpt":{"rendered":"<p>F\u00fcr eine t\u00fcrkische Mutter hier in Erlangen, die zur Zeit sowohl, was die privaten Verh\u00e4ltnisse, als auch wegen ungesichertem Aufenthalt in einer sehr schwierigen Situation ist, suchen wir eine Frau, die ebenfalls t\u00fcrkisch spricht und&hellip;<\/p>\n","protected":false},"author":11,"featured_media":0,"comment_status":"closed","ping_status":"closed","sticky":false,"template":"","format":"standard","meta":{"footnotes":""},"categories":[1],"tags":[],"coauthors":[47],"class_list":["post-7471","post","type-post","status-publish","format-standard","hentry","category-allgemein"],"yoast_head":"<!-- This site is optimized with the Yoast SEO plugin v27.4 - https:\/\/yoast.com\/product\/yoast-seo-wordpress\/ -->\n<title>Frau mit t\u00fcrkischen Sprachkenntnissen gesucht - EFIE<\/title>\n<meta name=\"robots\" content=\"noindex, follow\" \/>\n<meta property=\"og:locale\" content=\"de_DE\" \/>\n<meta property=\"og:type\" content=\"article\" \/>\n<meta property=\"og:title\" content=\"Frau mit t\u00fcrkischen Sprachkenntnissen gesucht - EFIE\" \/>\n<meta property=\"og:description\" content=\"F\u00fcr eine t\u00fcrkische Mutter hier in Erlangen, die zur Zeit sowohl, was die privaten Verh\u00e4ltnisse, als auch wegen ungesichertem Aufenthalt in einer sehr schwierigen Situation ist, suchen wir eine Frau, die ebenfalls t\u00fcrkisch spricht und&hellip;\" \/>\n<meta property=\"og:url\" content=\"https:\/\/www.efie-erlangen.de\/WP\/2025\/12\/frau-mit-tuerkischen-sprachkenntnissen-gesucht\/\" \/>\n<meta property=\"og:site_name\" content=\"EFIE\" \/>\n<meta property=\"article:published_time\" content=\"2025-12-02T16:49:39+00:00\" \/>\n<meta property=\"article:modified_time\" content=\"2025-12-09T18:24:37+00:00\" \/>\n<meta name=\"author\" content=\"Patricia\" \/>\n<meta name=\"twitter:card\" content=\"summary_large_image\" \/>\n<meta name=\"twitter:label1\" content=\"Verfasst von\" \/>\n\t<meta name=\"twitter:data1\" content=\"Patricia\" \/>\n\t<meta name=\"twitter:label2\" content=\"Gesch\u00e4tzte Lesezeit\" \/>\n\t<meta name=\"twitter:data2\" content=\"1\u00a0Minute\" \/>\n\t<meta name=\"twitter:label3\" content=\"Written by\" \/>\n\t<meta name=\"twitter:data3\" content=\"Patricia\" \/>\n<script type=\"application\/ld+json\" class=\"yoast-schema-graph\">{\"@context\":\"https:\\\/\\\/schema.org\",\"@graph\":[{\"@type\":\"Article\",\"@id\":\"https:\\\/\\\/www.efie-erlangen.de\\\/WP\\\/2025\\\/12\\\/frau-mit-tuerkischen-sprachkenntnissen-gesucht\\\/#article\",\"isPartOf\":{\"@id\":\"https:\\\/\\\/www.efie-erlangen.de\\\/WP\\\/2025\\\/12\\\/frau-mit-tuerkischen-sprachkenntnissen-gesucht\\\/\"},\"author\":{\"name\":\"Patricia\",\"@id\":\"https:\\\/\\\/www.efie-erlangen.de\\\/WP\\\/#\\\/schema\\\/person\\\/5a3182324d2b452b2d545dd988593236\"},\"headline\":\"Frau mit t\u00fcrkischen Sprachkenntnissen gesucht\",\"datePublished\":\"2025-12-02T16:49:39+00:00\",\"dateModified\":\"2025-12-09T18:24:37+00:00\",\"mainEntityOfPage\":{\"@id\":\"https:\\\/\\\/www.efie-erlangen.de\\\/WP\\\/2025\\\/12\\\/frau-mit-tuerkischen-sprachkenntnissen-gesucht\\\/\"},\"wordCount\":79,\"inLanguage\":\"de\"},{\"@type\":\"WebPage\",\"@id\":\"https:\\\/\\\/www.efie-erlangen.de\\\/WP\\\/2025\\\/12\\\/frau-mit-tuerkischen-sprachkenntnissen-gesucht\\\/\",\"url\":\"https:\\\/\\\/www.efie-erlangen.de\\\/WP\\\/2025\\\/12\\\/frau-mit-tuerkischen-sprachkenntnissen-gesucht\\\/\",\"name\":\"Frau mit t\u00fcrkischen Sprachkenntnissen gesucht - EFIE\",\"isPartOf\":{\"@id\":\"https:\\\/\\\/www.efie-erlangen.de\\\/WP\\\/#website\"},\"datePublished\":\"2025-12-02T16:49:39+00:00\",\"dateModified\":\"2025-12-09T18:24:37+00:00\",\"author\":{\"@id\":\"https:\\\/\\\/www.efie-erlangen.de\\\/WP\\\/#\\\/schema\\\/person\\\/5a3182324d2b452b2d545dd988593236\"},\"breadcrumb\":{\"@id\":\"https:\\\/\\\/www.efie-erlangen.de\\\/WP\\\/2025\\\/12\\\/frau-mit-tuerkischen-sprachkenntnissen-gesucht\\\/#breadcrumb\"},\"inLanguage\":\"de\",\"potentialAction\":[{\"@type\":\"ReadAction\",\"target\":[\"https:\\\/\\\/www.efie-erlangen.de\\\/WP\\\/2025\\\/12\\\/frau-mit-tuerkischen-sprachkenntnissen-gesucht\\\/\"]}]},{\"@type\":\"BreadcrumbList\",\"@id\":\"https:\\\/\\\/www.efie-erlangen.de\\\/WP\\\/2025\\\/12\\\/frau-mit-tuerkischen-sprachkenntnissen-gesucht\\\/#breadcrumb\",\"itemListElement\":[{\"@type\":\"ListItem\",\"position\":1,\"name\":\"Startseite\",\"item\":\"https:\\\/\\\/www.efie-erlangen.de\\\/WP\\\/\"},{\"@type\":\"ListItem\",\"position\":2,\"name\":\"Frau mit t\u00fcrkischen Sprachkenntnissen gesucht\"}]},{\"@type\":\"WebSite\",\"@id\":\"https:\\\/\\\/www.efie-erlangen.de\\\/WP\\\/#website\",\"url\":\"https:\\\/\\\/www.efie-erlangen.de\\\/WP\\\/\",\"name\":\"EFIE\",\"description\":\"Ehrenamtliche Fl\u00fcchtlingsbetreuung in Erlangen EFIE e.V.\",\"potentialAction\":[{\"@type\":\"SearchAction\",\"target\":{\"@type\":\"EntryPoint\",\"urlTemplate\":\"https:\\\/\\\/www.efie-erlangen.de\\\/WP\\\/?s={search_term_string}\"},\"query-input\":{\"@type\":\"PropertyValueSpecification\",\"valueRequired\":true,\"valueName\":\"search_term_string\"}}],\"inLanguage\":\"de\"},{\"@type\":\"Person\",\"@id\":\"https:\\\/\\\/www.efie-erlangen.de\\\/WP\\\/#\\\/schema\\\/person\\\/5a3182324d2b452b2d545dd988593236\",\"name\":\"Patricia\",\"image\":{\"@type\":\"ImageObject\",\"inLanguage\":\"de\",\"@id\":\"https:\\\/\\\/secure.gravatar.com\\\/avatar\\\/90999cc1d40e933901198df6851b874d9f1d8d9f332098ec3544f12e89f1a2cd?s=96&d=mm&r=g5f0208846d34d1822766b40dcd86ddfc\",\"url\":\"https:\\\/\\\/secure.gravatar.com\\\/avatar\\\/90999cc1d40e933901198df6851b874d9f1d8d9f332098ec3544f12e89f1a2cd?s=96&d=mm&r=g\",\"contentUrl\":\"https:\\\/\\\/secure.gravatar.com\\\/avatar\\\/90999cc1d40e933901198df6851b874d9f1d8d9f332098ec3544f12e89f1a2cd?s=96&d=mm&r=g\",\"caption\":\"Patricia\"}}]}<\/script>\n<!-- \/ Yoast SEO plugin. -->","yoast_head_json":{"title":"Frau mit t\u00fcrkischen Sprachkenntnissen gesucht - EFIE","robots":{"index":"noindex","follow":"follow"},"og_locale":"de_DE","og_type":"article","og_title":"Frau mit t\u00fcrkischen Sprachkenntnissen gesucht - EFIE","og_description":"F\u00fcr eine t\u00fcrkische Mutter hier in Erlangen, die zur Zeit sowohl, was die privaten Verh\u00e4ltnisse, als auch wegen ungesichertem Aufenthalt in einer sehr schwierigen Situation ist, suchen wir eine Frau, die ebenfalls t\u00fcrkisch spricht und&hellip;","og_url":"https:\/\/www.efie-erlangen.de\/WP\/2025\/12\/frau-mit-tuerkischen-sprachkenntnissen-gesucht\/","og_site_name":"EFIE","article_published_time":"2025-12-02T16:49:39+00:00","article_modified_time":"2025-12-09T18:24:37+00:00","author":"Patricia","twitter_card":"summary_large_image","twitter_misc":{"Verfasst von":"Patricia","Gesch\u00e4tzte Lesezeit":"1\u00a0Minute","Written by":"Patricia"},"schema":{"@context":"https:\/\/schema.org","@graph":[{"@type":"Article","@id":"https:\/\/www.efie-erlangen.de\/WP\/2025\/12\/frau-mit-tuerkischen-sprachkenntnissen-gesucht\/#article","isPartOf":{"@id":"https:\/\/www.efie-erlangen.de\/WP\/2025\/12\/frau-mit-tuerkischen-sprachkenntnissen-gesucht\/"},"author":{"name":"Patricia","@id":"https:\/\/www.efie-erlangen.de\/WP\/#\/schema\/person\/5a3182324d2b452b2d545dd988593236"},"headline":"Frau mit t\u00fcrkischen Sprachkenntnissen gesucht","datePublished":"2025-12-02T16:49:39+00:00","dateModified":"2025-12-09T18:24:37+00:00","mainEntityOfPage":{"@id":"https:\/\/www.efie-erlangen.de\/WP\/2025\/12\/frau-mit-tuerkischen-sprachkenntnissen-gesucht\/"},"wordCount":79,"inLanguage":"de"},{"@type":"WebPage","@id":"https:\/\/www.efie-erlangen.de\/WP\/2025\/12\/frau-mit-tuerkischen-sprachkenntnissen-gesucht\/","url":"https:\/\/www.efie-erlangen.de\/WP\/2025\/12\/frau-mit-tuerkischen-sprachkenntnissen-gesucht\/","name":"Frau mit t\u00fcrkischen Sprachkenntnissen gesucht - EFIE","isPartOf":{"@id":"https:\/\/www.efie-erlangen.de\/WP\/#website"},"datePublished":"2025-12-02T16:49:39+00:00","dateModified":"2025-12-09T18:24:37+00:00","author":{"@id":"https:\/\/www.efie-erlangen.de\/WP\/#\/schema\/person\/5a3182324d2b452b2d545dd988593236"},"breadcrumb":{"@id":"https:\/\/www.efie-erlangen.de\/WP\/2025\/12\/frau-mit-tuerkischen-sprachkenntnissen-gesucht\/#breadcrumb"},"inLanguage":"de","potentialAction":[{"@type":"ReadAction","target":["https:\/\/www.efie-erlangen.de\/WP\/2025\/12\/frau-mit-tuerkischen-sprachkenntnissen-gesucht\/"]}]},{"@type":"BreadcrumbList","@id":"https:\/\/www.efie-erlangen.de\/WP\/2025\/12\/frau-mit-tuerkischen-sprachkenntnissen-gesucht\/#breadcrumb","itemListElement":[{"@type":"ListItem","position":1,"name":"Startseite","item":"https:\/\/www.efie-erlangen.de\/WP\/"},{"@type":"ListItem","position":2,"name":"Frau mit t\u00fcrkischen Sprachkenntnissen gesucht"}]},{"@type":"WebSite","@id":"https:\/\/www.efie-erlangen.de\/WP\/#website","url":"https:\/\/www.efie-erlangen.de\/WP\/","name":"EFIE","description":"Ehrenamtliche Fl\u00fcchtlingsbetreuung in Erlangen EFIE e.V.","potentialAction":[{"@type":"SearchAction","target":{"@type":"EntryPoint","urlTemplate":"https:\/\/www.efie-erlangen.de\/WP\/?s={search_term_string}"},"query-input":{"@type":"PropertyValueSpecification","valueRequired":true,"valueName":"search_term_string"}}],"inLanguage":"de"},{"@type":"Person","@id":"https:\/\/www.efie-erlangen.de\/WP\/#\/schema\/person\/5a3182324d2b452b2d545dd988593236","name":"Patricia","image":{"@type":"ImageObject","inLanguage":"de","@id":"https:\/\/secure.gravatar.com\/avatar\/90999cc1d40e933901198df6851b874d9f1d8d9f332098ec3544f12e89f1a2cd?s=96&d=mm&r=g5f0208846d34d1822766b40dcd86ddfc","url":"https:\/\/secure.gravatar.com\/avatar\/90999cc1d40e933901198df6851b874d9f1d8d9f332098ec3544f12e89f1a2cd?s=96&d=mm&r=g","contentUrl":"https:\/\/secure.gravatar.com\/avatar\/90999cc1d40e933901198df6851b874d9f1d8d9f332098ec3544f12e89f1a2cd?s=96&d=mm&r=g","caption":"Patricia"}}]}},"_links":{"self":[{"href":"https:\/\/www.efie-erlangen.de\/WP\/wp-json\/wp\/v2\/posts\/7471","targetHints":{"allow":["GET"]}}],"collection":[{"href":"https:\/\/www.efie-erlangen.de\/WP\/wp-json\/wp\/v2\/posts"}],"about":[{"href":"https:\/\/www.efie-erlangen.de\/WP\/wp-json\/wp\/v2\/types\/post"}],"author":[{"embeddable":true,"href":"https:\/\/www.efie-erlangen.de\/WP\/wp-json\/wp\/v2\/users\/11"}],"replies":[{"embeddable":true,"href":"https:\/\/www.efie-erlangen.de\/WP\/wp-json\/wp\/v2\/comments?post=7471"}],"version-history":[{"count":1,"href":"https:\/\/www.efie-erlangen.de\/WP\/wp-json\/wp\/v2\/posts\/7471\/revisions"}],"predecessor-version":[{"id":7472,"href":"https:\/\/www.efie-erlangen.de\/WP\/wp-json\/wp\/v2\/posts\/7471\/revisions\/7472"}],"wp:attachment":[{"href":"https:\/\/www.efie-erlangen.de\/WP\/wp-json\/wp\/v2\/media?parent=7471"}],"wp:term":[{"taxonomy":"category","embeddable":true,"href":"https:\/\/www.efie-erlangen.de\/WP\/wp-json\/wp\/v2\/categories?post=7471"},{"taxonomy":"post_tag","embeddable":true,"href":"https:\/\/www.efie-erlangen.de\/WP\/wp-json\/wp\/v2\/tags?post=7471"},{"taxonomy":"author","embeddable":true,"href":"https:\/\/www.efie-erlangen.de\/WP\/wp-json\/wp\/v2\/coauthors?post=7471"}],"curies":[{"name":"wp","href":"https:\/\/api.w.org\/{rel}","templated":true}]}}