{"id":7458,"date":"2025-12-02T17:43:04","date_gmt":"2025-12-02T16:43:04","guid":{"rendered":"https:\/\/www.efie-erlangen.de\/WP\/?p=7458"},"modified":"2025-12-09T19:25:00","modified_gmt":"2025-12-09T18:25:00","slug":"12-12-einladung-zum-winterfeuer","status":"publish","type":"post","link":"https:\/\/www.efie-erlangen.de\/WP\/2025\/12\/12-12-einladung-zum-winterfeuer\/","title":{"rendered":"12.12. Einladung zum Winterfeuer"},"content":{"rendered":"\n<p><strong>Liebe Kooperationspartner und Kooperationspartnerinnen am Anger,&nbsp;<\/strong><\/p>\n\n\n\n<p><strong>liebe Kolleginnen und Kollegen,&nbsp;<\/strong><\/p>\n\n\n\n<p><strong>liebe Au\u00dfenstellen!<\/strong><\/p>\n\n\n\n<ul class=\"wp-block-list\">\n<li><strong>Freitag, 12.12.2025<\/strong><\/li>\n\n\n\n<li><strong>17.00 \u2013 19.00 Uhr<\/strong><\/li>\n\n\n\n<li>Abenteuerspielplatz Angerinitiative (Michael-Vogel-Str. 63)<\/li>\n\n\n\n<li>Lagerfeuer, Musik, Kinderpunsch, Chili und eine Feuershow f\u00fcr gro\u00dfe und kleine Besucher. Der Familienst\u00fctzpunkt begr\u00fc\u00dft euch beim Wunschbaum!<\/li>\n\n\n\n<li><strong>Eintritt frei! Kommt gerne vorbei!<\/strong><\/li>\n<\/ul>\n\n\n\n<p>Viele Gr\u00fc\u00dfe aus dem Familienst\u00fctzpunkt&nbsp;<\/p>\n\n\n\n<p>Anja Eidloth &amp; Mona Dengler<\/p>\n\n\n\n<p>Koordinatorinnen Familienst\u00fctzpunkt Anger<\/p>\n","protected":false},"excerpt":{"rendered":"<p>Liebe Kooperationspartner und Kooperationspartnerinnen am Anger,&nbsp; liebe Kolleginnen und Kollegen,&nbsp; liebe Au\u00dfenstellen! Viele Gr\u00fc\u00dfe aus dem Familienst\u00fctzpunkt&nbsp; Anja Eidloth &amp; Mona Dengler Koordinatorinnen Familienst\u00fctzpunkt Anger<\/p>\n","protected":false},"author":11,"featured_media":0,"comment_status":"closed","ping_status":"closed","sticky":false,"template":"","format":"standard","meta":{"footnotes":""},"categories":[1],"tags":[],"coauthors":[47],"class_list":["post-7458","post","type-post","status-publish","format-standard","hentry","category-allgemein"],"yoast_head":"<!-- This site is optimized with the Yoast SEO plugin v27.4 - https:\/\/yoast.com\/product\/yoast-seo-wordpress\/ -->\n<title>12.12. Einladung zum Winterfeuer - EFIE<\/title>\n<meta name=\"robots\" content=\"noindex, follow\" \/>\n<meta property=\"og:locale\" content=\"de_DE\" \/>\n<meta property=\"og:type\" content=\"article\" \/>\n<meta property=\"og:title\" content=\"12.12. Einladung zum Winterfeuer - EFIE\" \/>\n<meta property=\"og:description\" content=\"Liebe Kooperationspartner und Kooperationspartnerinnen am Anger,&nbsp; liebe Kolleginnen und Kollegen,&nbsp; liebe Au\u00dfenstellen! Viele Gr\u00fc\u00dfe aus dem Familienst\u00fctzpunkt&nbsp; Anja Eidloth &amp; Mona Dengler Koordinatorinnen Familienst\u00fctzpunkt Anger\" \/>\n<meta property=\"og:url\" content=\"https:\/\/www.efie-erlangen.de\/WP\/2025\/12\/12-12-einladung-zum-winterfeuer\/\" \/>\n<meta property=\"og:site_name\" content=\"EFIE\" \/>\n<meta property=\"article:published_time\" content=\"2025-12-02T16:43:04+00:00\" \/>\n<meta property=\"article:modified_time\" content=\"2025-12-09T18:25:00+00:00\" \/>\n<meta name=\"author\" content=\"Patricia\" \/>\n<meta name=\"twitter:card\" content=\"summary_large_image\" \/>\n<meta name=\"twitter:label1\" content=\"Verfasst von\" \/>\n\t<meta name=\"twitter:data1\" content=\"Patricia\" \/>\n\t<meta name=\"twitter:label2\" content=\"Gesch\u00e4tzte Lesezeit\" \/>\n\t<meta name=\"twitter:data2\" content=\"1\u00a0Minute\" \/>\n\t<meta name=\"twitter:label3\" content=\"Written by\" \/>\n\t<meta name=\"twitter:data3\" content=\"Patricia\" \/>\n<script type=\"application\/ld+json\" class=\"yoast-schema-graph\">{\"@context\":\"https:\\\/\\\/schema.org\",\"@graph\":[{\"@type\":\"Article\",\"@id\":\"https:\\\/\\\/www.efie-erlangen.de\\\/WP\\\/2025\\\/12\\\/12-12-einladung-zum-winterfeuer\\\/#article\",\"isPartOf\":{\"@id\":\"https:\\\/\\\/www.efie-erlangen.de\\\/WP\\\/2025\\\/12\\\/12-12-einladung-zum-winterfeuer\\\/\"},\"author\":{\"name\":\"Patricia\",\"@id\":\"https:\\\/\\\/www.efie-erlangen.de\\\/WP\\\/#\\\/schema\\\/person\\\/5a3182324d2b452b2d545dd988593236\"},\"headline\":\"12.12. Einladung zum Winterfeuer\",\"datePublished\":\"2025-12-02T16:43:04+00:00\",\"dateModified\":\"2025-12-09T18:25:00+00:00\",\"mainEntityOfPage\":{\"@id\":\"https:\\\/\\\/www.efie-erlangen.de\\\/WP\\\/2025\\\/12\\\/12-12-einladung-zum-winterfeuer\\\/\"},\"wordCount\":67,\"inLanguage\":\"de\"},{\"@type\":\"WebPage\",\"@id\":\"https:\\\/\\\/www.efie-erlangen.de\\\/WP\\\/2025\\\/12\\\/12-12-einladung-zum-winterfeuer\\\/\",\"url\":\"https:\\\/\\\/www.efie-erlangen.de\\\/WP\\\/2025\\\/12\\\/12-12-einladung-zum-winterfeuer\\\/\",\"name\":\"12.12. Einladung zum Winterfeuer - EFIE\",\"isPartOf\":{\"@id\":\"https:\\\/\\\/www.efie-erlangen.de\\\/WP\\\/#website\"},\"datePublished\":\"2025-12-02T16:43:04+00:00\",\"dateModified\":\"2025-12-09T18:25:00+00:00\",\"author\":{\"@id\":\"https:\\\/\\\/www.efie-erlangen.de\\\/WP\\\/#\\\/schema\\\/person\\\/5a3182324d2b452b2d545dd988593236\"},\"breadcrumb\":{\"@id\":\"https:\\\/\\\/www.efie-erlangen.de\\\/WP\\\/2025\\\/12\\\/12-12-einladung-zum-winterfeuer\\\/#breadcrumb\"},\"inLanguage\":\"de\",\"potentialAction\":[{\"@type\":\"ReadAction\",\"target\":[\"https:\\\/\\\/www.efie-erlangen.de\\\/WP\\\/2025\\\/12\\\/12-12-einladung-zum-winterfeuer\\\/\"]}]},{\"@type\":\"BreadcrumbList\",\"@id\":\"https:\\\/\\\/www.efie-erlangen.de\\\/WP\\\/2025\\\/12\\\/12-12-einladung-zum-winterfeuer\\\/#breadcrumb\",\"itemListElement\":[{\"@type\":\"ListItem\",\"position\":1,\"name\":\"Startseite\",\"item\":\"https:\\\/\\\/www.efie-erlangen.de\\\/WP\\\/\"},{\"@type\":\"ListItem\",\"position\":2,\"name\":\"12.12. Einladung zum Winterfeuer\"}]},{\"@type\":\"WebSite\",\"@id\":\"https:\\\/\\\/www.efie-erlangen.de\\\/WP\\\/#website\",\"url\":\"https:\\\/\\\/www.efie-erlangen.de\\\/WP\\\/\",\"name\":\"EFIE\",\"description\":\"Ehrenamtliche Fl\u00fcchtlingsbetreuung in Erlangen EFIE e.V.\",\"potentialAction\":[{\"@type\":\"SearchAction\",\"target\":{\"@type\":\"EntryPoint\",\"urlTemplate\":\"https:\\\/\\\/www.efie-erlangen.de\\\/WP\\\/?s={search_term_string}\"},\"query-input\":{\"@type\":\"PropertyValueSpecification\",\"valueRequired\":true,\"valueName\":\"search_term_string\"}}],\"inLanguage\":\"de\"},{\"@type\":\"Person\",\"@id\":\"https:\\\/\\\/www.efie-erlangen.de\\\/WP\\\/#\\\/schema\\\/person\\\/5a3182324d2b452b2d545dd988593236\",\"name\":\"Patricia\",\"image\":{\"@type\":\"ImageObject\",\"inLanguage\":\"de\",\"@id\":\"https:\\\/\\\/secure.gravatar.com\\\/avatar\\\/90999cc1d40e933901198df6851b874d9f1d8d9f332098ec3544f12e89f1a2cd?s=96&d=mm&r=g5f0208846d34d1822766b40dcd86ddfc\",\"url\":\"https:\\\/\\\/secure.gravatar.com\\\/avatar\\\/90999cc1d40e933901198df6851b874d9f1d8d9f332098ec3544f12e89f1a2cd?s=96&d=mm&r=g\",\"contentUrl\":\"https:\\\/\\\/secure.gravatar.com\\\/avatar\\\/90999cc1d40e933901198df6851b874d9f1d8d9f332098ec3544f12e89f1a2cd?s=96&d=mm&r=g\",\"caption\":\"Patricia\"}}]}<\/script>\n<!-- \/ Yoast SEO plugin. -->","yoast_head_json":{"title":"12.12. Einladung zum Winterfeuer - EFIE","robots":{"index":"noindex","follow":"follow"},"og_locale":"de_DE","og_type":"article","og_title":"12.12. Einladung zum Winterfeuer - EFIE","og_description":"Liebe Kooperationspartner und Kooperationspartnerinnen am Anger,&nbsp; liebe Kolleginnen und Kollegen,&nbsp; liebe Au\u00dfenstellen! Viele Gr\u00fc\u00dfe aus dem Familienst\u00fctzpunkt&nbsp; Anja Eidloth &amp; Mona Dengler Koordinatorinnen Familienst\u00fctzpunkt Anger","og_url":"https:\/\/www.efie-erlangen.de\/WP\/2025\/12\/12-12-einladung-zum-winterfeuer\/","og_site_name":"EFIE","article_published_time":"2025-12-02T16:43:04+00:00","article_modified_time":"2025-12-09T18:25:00+00:00","author":"Patricia","twitter_card":"summary_large_image","twitter_misc":{"Verfasst von":"Patricia","Gesch\u00e4tzte Lesezeit":"1\u00a0Minute","Written by":"Patricia"},"schema":{"@context":"https:\/\/schema.org","@graph":[{"@type":"Article","@id":"https:\/\/www.efie-erlangen.de\/WP\/2025\/12\/12-12-einladung-zum-winterfeuer\/#article","isPartOf":{"@id":"https:\/\/www.efie-erlangen.de\/WP\/2025\/12\/12-12-einladung-zum-winterfeuer\/"},"author":{"name":"Patricia","@id":"https:\/\/www.efie-erlangen.de\/WP\/#\/schema\/person\/5a3182324d2b452b2d545dd988593236"},"headline":"12.12. Einladung zum Winterfeuer","datePublished":"2025-12-02T16:43:04+00:00","dateModified":"2025-12-09T18:25:00+00:00","mainEntityOfPage":{"@id":"https:\/\/www.efie-erlangen.de\/WP\/2025\/12\/12-12-einladung-zum-winterfeuer\/"},"wordCount":67,"inLanguage":"de"},{"@type":"WebPage","@id":"https:\/\/www.efie-erlangen.de\/WP\/2025\/12\/12-12-einladung-zum-winterfeuer\/","url":"https:\/\/www.efie-erlangen.de\/WP\/2025\/12\/12-12-einladung-zum-winterfeuer\/","name":"12.12. Einladung zum Winterfeuer - EFIE","isPartOf":{"@id":"https:\/\/www.efie-erlangen.de\/WP\/#website"},"datePublished":"2025-12-02T16:43:04+00:00","dateModified":"2025-12-09T18:25:00+00:00","author":{"@id":"https:\/\/www.efie-erlangen.de\/WP\/#\/schema\/person\/5a3182324d2b452b2d545dd988593236"},"breadcrumb":{"@id":"https:\/\/www.efie-erlangen.de\/WP\/2025\/12\/12-12-einladung-zum-winterfeuer\/#breadcrumb"},"inLanguage":"de","potentialAction":[{"@type":"ReadAction","target":["https:\/\/www.efie-erlangen.de\/WP\/2025\/12\/12-12-einladung-zum-winterfeuer\/"]}]},{"@type":"BreadcrumbList","@id":"https:\/\/www.efie-erlangen.de\/WP\/2025\/12\/12-12-einladung-zum-winterfeuer\/#breadcrumb","itemListElement":[{"@type":"ListItem","position":1,"name":"Startseite","item":"https:\/\/www.efie-erlangen.de\/WP\/"},{"@type":"ListItem","position":2,"name":"12.12. Einladung zum Winterfeuer"}]},{"@type":"WebSite","@id":"https:\/\/www.efie-erlangen.de\/WP\/#website","url":"https:\/\/www.efie-erlangen.de\/WP\/","name":"EFIE","description":"Ehrenamtliche Fl\u00fcchtlingsbetreuung in Erlangen EFIE e.V.","potentialAction":[{"@type":"SearchAction","target":{"@type":"EntryPoint","urlTemplate":"https:\/\/www.efie-erlangen.de\/WP\/?s={search_term_string}"},"query-input":{"@type":"PropertyValueSpecification","valueRequired":true,"valueName":"search_term_string"}}],"inLanguage":"de"},{"@type":"Person","@id":"https:\/\/www.efie-erlangen.de\/WP\/#\/schema\/person\/5a3182324d2b452b2d545dd988593236","name":"Patricia","image":{"@type":"ImageObject","inLanguage":"de","@id":"https:\/\/secure.gravatar.com\/avatar\/90999cc1d40e933901198df6851b874d9f1d8d9f332098ec3544f12e89f1a2cd?s=96&d=mm&r=g5f0208846d34d1822766b40dcd86ddfc","url":"https:\/\/secure.gravatar.com\/avatar\/90999cc1d40e933901198df6851b874d9f1d8d9f332098ec3544f12e89f1a2cd?s=96&d=mm&r=g","contentUrl":"https:\/\/secure.gravatar.com\/avatar\/90999cc1d40e933901198df6851b874d9f1d8d9f332098ec3544f12e89f1a2cd?s=96&d=mm&r=g","caption":"Patricia"}}]}},"_links":{"self":[{"href":"https:\/\/www.efie-erlangen.de\/WP\/wp-json\/wp\/v2\/posts\/7458","targetHints":{"allow":["GET"]}}],"collection":[{"href":"https:\/\/www.efie-erlangen.de\/WP\/wp-json\/wp\/v2\/posts"}],"about":[{"href":"https:\/\/www.efie-erlangen.de\/WP\/wp-json\/wp\/v2\/types\/post"}],"author":[{"embeddable":true,"href":"https:\/\/www.efie-erlangen.de\/WP\/wp-json\/wp\/v2\/users\/11"}],"replies":[{"embeddable":true,"href":"https:\/\/www.efie-erlangen.de\/WP\/wp-json\/wp\/v2\/comments?post=7458"}],"version-history":[{"count":2,"href":"https:\/\/www.efie-erlangen.de\/WP\/wp-json\/wp\/v2\/posts\/7458\/revisions"}],"predecessor-version":[{"id":7460,"href":"https:\/\/www.efie-erlangen.de\/WP\/wp-json\/wp\/v2\/posts\/7458\/revisions\/7460"}],"wp:attachment":[{"href":"https:\/\/www.efie-erlangen.de\/WP\/wp-json\/wp\/v2\/media?parent=7458"}],"wp:term":[{"taxonomy":"category","embeddable":true,"href":"https:\/\/www.efie-erlangen.de\/WP\/wp-json\/wp\/v2\/categories?post=7458"},{"taxonomy":"post_tag","embeddable":true,"href":"https:\/\/www.efie-erlangen.de\/WP\/wp-json\/wp\/v2\/tags?post=7458"},{"taxonomy":"author","embeddable":true,"href":"https:\/\/www.efie-erlangen.de\/WP\/wp-json\/wp\/v2\/coauthors?post=7458"}],"curies":[{"name":"wp","href":"https:\/\/api.w.org\/{rel}","templated":true}]}}