{"id":6390,"date":"2025-06-29T14:49:16","date_gmt":"2025-06-29T12:49:16","guid":{"rendered":"https:\/\/www.efie-erlangen.de\/WP\/?p=6390"},"modified":"2025-07-07T12:30:02","modified_gmt":"2025-07-07T10:30:02","slug":"umzugshilfe-gesucht-am-05-07","status":"publish","type":"post","link":"https:\/\/www.efie-erlangen.de\/WP\/2025\/06\/umzugshilfe-gesucht-am-05-07\/","title":{"rendered":"Umzugshilfe gesucht am 05.07."},"content":{"rendered":"\n<p>Eine junge Frau plant am 5. Juli ihren Umzug. Derzeit wohnt sie in der Jenaer Stra\u00dfe in Bruck im 3. Stock \u2013 leider ohne Aufzug. Ihr neues Zuhause befindet sich in der Sieboldstra\u00dfe im 1. Stock und ist \u00fcber einen Aufzug erreichbar.<\/p>\n\n\n\n<p>F\u00fcr den Umzug wird ein Transportfahrzeug mit Fahrer:in sowie tatkr\u00e4ftige Unterst\u00fctzung beim Tragen ben\u00f6tigt. Die Frau kann zus\u00e4tzlich noch 2\u20133 Helfer:innen aus ihrem Umfeld organisieren.<\/p>\n\n\n\n<p>Folgende M\u00f6bel und Ger\u00e4te m\u00fcssen (teilweise auch im Vorfeld abgebaut) transportiert werden:<\/p>\n\n\n\n<ul class=\"wp-block-list\">\n<li>K\u00fchlschrank<\/li>\n\n\n\n<li>Ofen<\/li>\n\n\n\n<li>K\u00fcchenschr\u00e4nke<\/li>\n\n\n\n<li>Waschmaschine<\/li>\n\n\n\n<li>Gro\u00dfes Etagenbett<\/li>\n\n\n\n<li>Schlafzimmer-Schrank<\/li>\n\n\n\n<li>Couch<\/li>\n<\/ul>\n\n\n\n<p>Insgesamt handelt es sich um einen vollst\u00e4ndigen Umzug aus einer 2-Zimmer-Wohnung mit K\u00fcche \u2013 also einiges an Inventar.<\/p>\n\n\n\n<p><strong>Habt ihr Kapazit\u00e4ten und k\u00f6nnt unterst\u00fctzen?<\/strong><br>Dann meldet euch bitte unter: <strong><a>info@efie-erlangen.de<\/a><\/strong><\/p>\n\n\n\n<p>Vielen Dank im Voraus!<\/p>\n","protected":false},"excerpt":{"rendered":"<p>Eine junge Frau plant am 5. Juli ihren Umzug. Derzeit wohnt sie in der Jenaer Stra\u00dfe in Bruck im 3. Stock \u2013 leider ohne Aufzug. Ihr neues Zuhause befindet sich in der Sieboldstra\u00dfe im 1.&hellip;<\/p>\n","protected":false},"author":10,"featured_media":0,"comment_status":"closed","ping_status":"closed","sticky":false,"template":"","format":"standard","meta":{"footnotes":""},"categories":[1],"tags":[],"coauthors":[45],"class_list":["post-6390","post","type-post","status-publish","format-standard","hentry","category-allgemein"],"yoast_head":"<!-- This site is optimized with the Yoast SEO plugin v27.4 - https:\/\/yoast.com\/product\/yoast-seo-wordpress\/ -->\n<title>Umzugshilfe gesucht am 05.07. - EFIE<\/title>\n<meta name=\"robots\" content=\"noindex, follow\" \/>\n<meta property=\"og:locale\" content=\"de_DE\" \/>\n<meta property=\"og:type\" content=\"article\" \/>\n<meta property=\"og:title\" content=\"Umzugshilfe gesucht am 05.07. - EFIE\" \/>\n<meta property=\"og:description\" content=\"Eine junge Frau plant am 5. Juli ihren Umzug. Derzeit wohnt sie in der Jenaer Stra\u00dfe in Bruck im 3. Stock \u2013 leider ohne Aufzug. Ihr neues Zuhause befindet sich in der Sieboldstra\u00dfe im 1.&hellip;\" \/>\n<meta property=\"og:url\" content=\"https:\/\/www.efie-erlangen.de\/WP\/2025\/06\/umzugshilfe-gesucht-am-05-07\/\" \/>\n<meta property=\"og:site_name\" content=\"EFIE\" \/>\n<meta property=\"article:published_time\" content=\"2025-06-29T12:49:16+00:00\" \/>\n<meta property=\"article:modified_time\" content=\"2025-07-07T10:30:02+00:00\" \/>\n<meta name=\"author\" content=\"Annette\" \/>\n<meta name=\"twitter:card\" content=\"summary_large_image\" \/>\n<meta name=\"twitter:label1\" content=\"Verfasst von\" \/>\n\t<meta name=\"twitter:data1\" content=\"Annette\" \/>\n\t<meta name=\"twitter:label2\" content=\"Gesch\u00e4tzte Lesezeit\" \/>\n\t<meta name=\"twitter:data2\" content=\"1\u00a0Minute\" \/>\n\t<meta name=\"twitter:label3\" content=\"Written by\" \/>\n\t<meta name=\"twitter:data3\" content=\"Annette\" \/>\n<script type=\"application\/ld+json\" class=\"yoast-schema-graph\">{\"@context\":\"https:\\\/\\\/schema.org\",\"@graph\":[{\"@type\":\"Article\",\"@id\":\"https:\\\/\\\/www.efie-erlangen.de\\\/WP\\\/2025\\\/06\\\/umzugshilfe-gesucht-am-05-07\\\/#article\",\"isPartOf\":{\"@id\":\"https:\\\/\\\/www.efie-erlangen.de\\\/WP\\\/2025\\\/06\\\/umzugshilfe-gesucht-am-05-07\\\/\"},\"author\":{\"name\":\"Annette\",\"@id\":\"https:\\\/\\\/www.efie-erlangen.de\\\/WP\\\/#\\\/schema\\\/person\\\/b9254eb14c39045c41adb6aacb057965\"},\"headline\":\"Umzugshilfe gesucht am 05.07.\",\"datePublished\":\"2025-06-29T12:49:16+00:00\",\"dateModified\":\"2025-07-07T10:30:02+00:00\",\"mainEntityOfPage\":{\"@id\":\"https:\\\/\\\/www.efie-erlangen.de\\\/WP\\\/2025\\\/06\\\/umzugshilfe-gesucht-am-05-07\\\/\"},\"wordCount\":141,\"inLanguage\":\"de\"},{\"@type\":\"WebPage\",\"@id\":\"https:\\\/\\\/www.efie-erlangen.de\\\/WP\\\/2025\\\/06\\\/umzugshilfe-gesucht-am-05-07\\\/\",\"url\":\"https:\\\/\\\/www.efie-erlangen.de\\\/WP\\\/2025\\\/06\\\/umzugshilfe-gesucht-am-05-07\\\/\",\"name\":\"Umzugshilfe gesucht am 05.07. - EFIE\",\"isPartOf\":{\"@id\":\"https:\\\/\\\/www.efie-erlangen.de\\\/WP\\\/#website\"},\"datePublished\":\"2025-06-29T12:49:16+00:00\",\"dateModified\":\"2025-07-07T10:30:02+00:00\",\"author\":{\"@id\":\"https:\\\/\\\/www.efie-erlangen.de\\\/WP\\\/#\\\/schema\\\/person\\\/b9254eb14c39045c41adb6aacb057965\"},\"breadcrumb\":{\"@id\":\"https:\\\/\\\/www.efie-erlangen.de\\\/WP\\\/2025\\\/06\\\/umzugshilfe-gesucht-am-05-07\\\/#breadcrumb\"},\"inLanguage\":\"de\",\"potentialAction\":[{\"@type\":\"ReadAction\",\"target\":[\"https:\\\/\\\/www.efie-erlangen.de\\\/WP\\\/2025\\\/06\\\/umzugshilfe-gesucht-am-05-07\\\/\"]}]},{\"@type\":\"BreadcrumbList\",\"@id\":\"https:\\\/\\\/www.efie-erlangen.de\\\/WP\\\/2025\\\/06\\\/umzugshilfe-gesucht-am-05-07\\\/#breadcrumb\",\"itemListElement\":[{\"@type\":\"ListItem\",\"position\":1,\"name\":\"Startseite\",\"item\":\"https:\\\/\\\/www.efie-erlangen.de\\\/WP\\\/\"},{\"@type\":\"ListItem\",\"position\":2,\"name\":\"Umzugshilfe gesucht am 05.07.\"}]},{\"@type\":\"WebSite\",\"@id\":\"https:\\\/\\\/www.efie-erlangen.de\\\/WP\\\/#website\",\"url\":\"https:\\\/\\\/www.efie-erlangen.de\\\/WP\\\/\",\"name\":\"EFIE\",\"description\":\"Ehrenamtliche Fl\u00fcchtlingsbetreuung in Erlangen EFIE e.V.\",\"potentialAction\":[{\"@type\":\"SearchAction\",\"target\":{\"@type\":\"EntryPoint\",\"urlTemplate\":\"https:\\\/\\\/www.efie-erlangen.de\\\/WP\\\/?s={search_term_string}\"},\"query-input\":{\"@type\":\"PropertyValueSpecification\",\"valueRequired\":true,\"valueName\":\"search_term_string\"}}],\"inLanguage\":\"de\"},{\"@type\":\"Person\",\"@id\":\"https:\\\/\\\/www.efie-erlangen.de\\\/WP\\\/#\\\/schema\\\/person\\\/b9254eb14c39045c41adb6aacb057965\",\"name\":\"Annette\",\"image\":{\"@type\":\"ImageObject\",\"inLanguage\":\"de\",\"@id\":\"https:\\\/\\\/secure.gravatar.com\\\/avatar\\\/1b45c318a2a580cde5bf04a7753b4006cc60588f7a849cda3e9fdd7b0dbc24cc?s=96&d=mm&r=g67b6d06614b24fd174e085a8dc9af36f\",\"url\":\"https:\\\/\\\/secure.gravatar.com\\\/avatar\\\/1b45c318a2a580cde5bf04a7753b4006cc60588f7a849cda3e9fdd7b0dbc24cc?s=96&d=mm&r=g\",\"contentUrl\":\"https:\\\/\\\/secure.gravatar.com\\\/avatar\\\/1b45c318a2a580cde5bf04a7753b4006cc60588f7a849cda3e9fdd7b0dbc24cc?s=96&d=mm&r=g\",\"caption\":\"Annette\"}}]}<\/script>\n<!-- \/ Yoast SEO plugin. -->","yoast_head_json":{"title":"Umzugshilfe gesucht am 05.07. - EFIE","robots":{"index":"noindex","follow":"follow"},"og_locale":"de_DE","og_type":"article","og_title":"Umzugshilfe gesucht am 05.07. - EFIE","og_description":"Eine junge Frau plant am 5. Juli ihren Umzug. Derzeit wohnt sie in der Jenaer Stra\u00dfe in Bruck im 3. Stock \u2013 leider ohne Aufzug. Ihr neues Zuhause befindet sich in der Sieboldstra\u00dfe im 1.&hellip;","og_url":"https:\/\/www.efie-erlangen.de\/WP\/2025\/06\/umzugshilfe-gesucht-am-05-07\/","og_site_name":"EFIE","article_published_time":"2025-06-29T12:49:16+00:00","article_modified_time":"2025-07-07T10:30:02+00:00","author":"Annette","twitter_card":"summary_large_image","twitter_misc":{"Verfasst von":"Annette","Gesch\u00e4tzte Lesezeit":"1\u00a0Minute","Written by":"Annette"},"schema":{"@context":"https:\/\/schema.org","@graph":[{"@type":"Article","@id":"https:\/\/www.efie-erlangen.de\/WP\/2025\/06\/umzugshilfe-gesucht-am-05-07\/#article","isPartOf":{"@id":"https:\/\/www.efie-erlangen.de\/WP\/2025\/06\/umzugshilfe-gesucht-am-05-07\/"},"author":{"name":"Annette","@id":"https:\/\/www.efie-erlangen.de\/WP\/#\/schema\/person\/b9254eb14c39045c41adb6aacb057965"},"headline":"Umzugshilfe gesucht am 05.07.","datePublished":"2025-06-29T12:49:16+00:00","dateModified":"2025-07-07T10:30:02+00:00","mainEntityOfPage":{"@id":"https:\/\/www.efie-erlangen.de\/WP\/2025\/06\/umzugshilfe-gesucht-am-05-07\/"},"wordCount":141,"inLanguage":"de"},{"@type":"WebPage","@id":"https:\/\/www.efie-erlangen.de\/WP\/2025\/06\/umzugshilfe-gesucht-am-05-07\/","url":"https:\/\/www.efie-erlangen.de\/WP\/2025\/06\/umzugshilfe-gesucht-am-05-07\/","name":"Umzugshilfe gesucht am 05.07. - EFIE","isPartOf":{"@id":"https:\/\/www.efie-erlangen.de\/WP\/#website"},"datePublished":"2025-06-29T12:49:16+00:00","dateModified":"2025-07-07T10:30:02+00:00","author":{"@id":"https:\/\/www.efie-erlangen.de\/WP\/#\/schema\/person\/b9254eb14c39045c41adb6aacb057965"},"breadcrumb":{"@id":"https:\/\/www.efie-erlangen.de\/WP\/2025\/06\/umzugshilfe-gesucht-am-05-07\/#breadcrumb"},"inLanguage":"de","potentialAction":[{"@type":"ReadAction","target":["https:\/\/www.efie-erlangen.de\/WP\/2025\/06\/umzugshilfe-gesucht-am-05-07\/"]}]},{"@type":"BreadcrumbList","@id":"https:\/\/www.efie-erlangen.de\/WP\/2025\/06\/umzugshilfe-gesucht-am-05-07\/#breadcrumb","itemListElement":[{"@type":"ListItem","position":1,"name":"Startseite","item":"https:\/\/www.efie-erlangen.de\/WP\/"},{"@type":"ListItem","position":2,"name":"Umzugshilfe gesucht am 05.07."}]},{"@type":"WebSite","@id":"https:\/\/www.efie-erlangen.de\/WP\/#website","url":"https:\/\/www.efie-erlangen.de\/WP\/","name":"EFIE","description":"Ehrenamtliche Fl\u00fcchtlingsbetreuung in Erlangen EFIE e.V.","potentialAction":[{"@type":"SearchAction","target":{"@type":"EntryPoint","urlTemplate":"https:\/\/www.efie-erlangen.de\/WP\/?s={search_term_string}"},"query-input":{"@type":"PropertyValueSpecification","valueRequired":true,"valueName":"search_term_string"}}],"inLanguage":"de"},{"@type":"Person","@id":"https:\/\/www.efie-erlangen.de\/WP\/#\/schema\/person\/b9254eb14c39045c41adb6aacb057965","name":"Annette","image":{"@type":"ImageObject","inLanguage":"de","@id":"https:\/\/secure.gravatar.com\/avatar\/1b45c318a2a580cde5bf04a7753b4006cc60588f7a849cda3e9fdd7b0dbc24cc?s=96&d=mm&r=g67b6d06614b24fd174e085a8dc9af36f","url":"https:\/\/secure.gravatar.com\/avatar\/1b45c318a2a580cde5bf04a7753b4006cc60588f7a849cda3e9fdd7b0dbc24cc?s=96&d=mm&r=g","contentUrl":"https:\/\/secure.gravatar.com\/avatar\/1b45c318a2a580cde5bf04a7753b4006cc60588f7a849cda3e9fdd7b0dbc24cc?s=96&d=mm&r=g","caption":"Annette"}}]}},"_links":{"self":[{"href":"https:\/\/www.efie-erlangen.de\/WP\/wp-json\/wp\/v2\/posts\/6390","targetHints":{"allow":["GET"]}}],"collection":[{"href":"https:\/\/www.efie-erlangen.de\/WP\/wp-json\/wp\/v2\/posts"}],"about":[{"href":"https:\/\/www.efie-erlangen.de\/WP\/wp-json\/wp\/v2\/types\/post"}],"author":[{"embeddable":true,"href":"https:\/\/www.efie-erlangen.de\/WP\/wp-json\/wp\/v2\/users\/10"}],"replies":[{"embeddable":true,"href":"https:\/\/www.efie-erlangen.de\/WP\/wp-json\/wp\/v2\/comments?post=6390"}],"version-history":[{"count":1,"href":"https:\/\/www.efie-erlangen.de\/WP\/wp-json\/wp\/v2\/posts\/6390\/revisions"}],"predecessor-version":[{"id":6391,"href":"https:\/\/www.efie-erlangen.de\/WP\/wp-json\/wp\/v2\/posts\/6390\/revisions\/6391"}],"wp:attachment":[{"href":"https:\/\/www.efie-erlangen.de\/WP\/wp-json\/wp\/v2\/media?parent=6390"}],"wp:term":[{"taxonomy":"category","embeddable":true,"href":"https:\/\/www.efie-erlangen.de\/WP\/wp-json\/wp\/v2\/categories?post=6390"},{"taxonomy":"post_tag","embeddable":true,"href":"https:\/\/www.efie-erlangen.de\/WP\/wp-json\/wp\/v2\/tags?post=6390"},{"taxonomy":"author","embeddable":true,"href":"https:\/\/www.efie-erlangen.de\/WP\/wp-json\/wp\/v2\/coauthors?post=6390"}],"curies":[{"name":"wp","href":"https:\/\/api.w.org\/{rel}","templated":true}]}}